{"id":100,"date":"2026-08-04T17:19:27","date_gmt":"2026-08-04T16:19:27","guid":{"rendered":"https:\/\/nublo.tv\/?p=100"},"modified":"2026-08-04T17:19:27","modified_gmt":"2026-08-04T16:19:27","slug":"las-personas-mayores-protagonizan-una-participativa-jornada-de-convivencia-en-las-fiestas-de-el-carrizal","status":"publish","type":"post","link":"https:\/\/nublo.tv\/index.php\/2026\/08\/04\/las-personas-mayores-protagonizan-una-participativa-jornada-de-convivencia-en-las-fiestas-de-el-carrizal\/","title":{"rendered":"Las personas mayores protagonizan una participativa jornada de convivencia en las fiestas de El Carrizal"},"content":{"rendered":"<p>Las Fiestas en Honor a Nuestra Se\u00f1ora del Buen Suceso, San Roque y San Harag\u00e1n continuaron este domingo, 2 de agosto, con una jornada pensada para el disfrute de todas las generaciones. Mientras que la programaci\u00f3n matinal estuvo dedicada a la infancia, la tarde se convirti\u00f3 en un gran espacio de encuentro y convivencia para las personas mayores, que respondieron con una amplia participaci\u00f3n.<\/p>\n<p>La ma\u00f1ana transcurri\u00f3 entre animaci\u00f3n infantil, fiesta acu\u00e1tica, hinchables acu\u00e1ticos y una divertida fiesta de la espuma, actividades que congregaron a numerosas familias. Ya por la tarde, las personas mayores tomaron el relevo con una celebraci\u00f3n especialmente organizada para ellas. Durante el encuentro se repartieron churros con chocolate, tarta y refrescos, mientras se disfrutaba de la m\u00fasica en directo del grupo Nueva Imagen y su Bandurria, que anim\u00f3 la velada e invit\u00f3 al p\u00fablico asistente a bailar y compartir una tarde de fiesta.<\/p>\n<p>El concejal de Festejos, Rayco Padilla, destac\u00f3 c\u00f3mo el programa de fiestas busca dar protagonismo a distintos sectores de la poblaci\u00f3n. \u00abNos encontramos en el tercer d\u00eda de fiestas, un d\u00eda para nuestras personas mayores. Cada parte de la sociedad tiene su espacio\u00bb, se\u00f1al\u00f3, al tiempo que agradeci\u00f3 la colaboraci\u00f3n del Patronato Bicentenario de la Virgen en la organizaci\u00f3n de las actividades junto a la Concejal\u00eda de Festejos.<\/p>\n<p>El edil colabor\u00f3 en el reparto de la merienda, as\u00ed como la concejala de Participaci\u00f3n Ciudadana, Saro Viera, y la concejala de Mayores, Catalina S\u00e1nchez, tambi\u00e9n presentes en el acto. Precisamente, Catalina S\u00e1nchez puso en valor la gran acogida que volvi\u00f3 a tener esta cita dentro de las fiestas patronales. \u00abUn a\u00f1o m\u00e1s estamos aqu\u00ed compartiendo el D\u00eda de las Personas Mayores de las fiestas del Carrizal y, a pesar del calor, est\u00e1 lleno. Es un punto de encuentro en las fiestas que nadie deber\u00eda quitarles\u00bb, manifest\u00f3, mostrando su deseo de volver a encontrarse el pr\u00f3ximo a\u00f1o en esta misma celebraci\u00f3n.<\/p>\n<p>Por su parte, la presidenta del Patronato Bicentenario de la Virgen, Pimpina Herrera, agradeci\u00f3 la elevada participaci\u00f3n registrada. \u00abA pesar del calor, no nos ha faltado gente. Han participado personas mayores, j\u00f3venes y familias. Estoy muy agradecida y muy contenta por la gran afluencia\u00bb, afirm\u00f3. Herrera aprovech\u00f3 adem\u00e1s la ocasi\u00f3n para invitar a la ciudadan\u00eda a seguir participando en el amplio programa de actos previsto durante las pr\u00f3ximas semanas. \u00abLas fiestas pr\u00e1cticamente acaban de comenzar. Les animo a asistir a las distintas actividades, a que nos arropen, que acudan, que para eso se realizan\u00bb, concluy\u00f3.<\/p>\n","protected":false},"excerpt":{"rendered":"<p>Las Fiestas en Honor a Nuestra Se\u00f1ora del Buen Suceso, San Roque y San Harag\u00e1n continuaron este domingo, 2 de agosto, con una jornada pensada para el disfrute de todas&hellip;<\/p>\n","protected":false},"author":14,"featured_media":101,"comment_status":"open","ping_status":"open","sticky":false,"template":"","format":"standard","meta":{"wpai_generated_summary":"","wpai_meta_description":"","footnotes":""},"categories":[130],"tags":[],"class_list":["post-100","post","type-post","status-publish","format-standard","has-post-thumbnail","hentry","category-ayuntamiento-de-ingenio"],"_links":{"self":[{"href":"https:\/\/nublo.tv\/index.php\/wp-json\/wp\/v2\/posts\/100","targetHints":{"allow":["GET"]}}],"collection":[{"href":"https:\/\/nublo.tv\/index.php\/wp-json\/wp\/v2\/posts"}],"about":[{"href":"https:\/\/nublo.tv\/index.php\/wp-json\/wp\/v2\/types\/post"}],"author":[{"embeddable":true,"href":"https:\/\/nublo.tv\/index.php\/wp-json\/wp\/v2\/users\/14"}],"replies":[{"embeddable":true,"href":"https:\/\/nublo.tv\/index.php\/wp-json\/wp\/v2\/comments?post=100"}],"version-history":[{"count":1,"href":"https:\/\/nublo.tv\/index.php\/wp-json\/wp\/v2\/posts\/100\/revisions"}],"predecessor-version":[{"id":424,"href":"https:\/\/nublo.tv\/index.php\/wp-json\/wp\/v2\/posts\/100\/revisions\/424"}],"wp:featuredmedia":[{"embeddable":true,"href":"https:\/\/nublo.tv\/index.php\/wp-json\/wp\/v2\/media\/101"}],"wp:attachment":[{"href":"https:\/\/nublo.tv\/index.php\/wp-json\/wp\/v2\/media?parent=100"}],"wp:term":[{"taxonomy":"category","embeddable":true,"href":"https:\/\/nublo.tv\/index.php\/wp-json\/wp\/v2\/categories?post=100"},{"taxonomy":"post_tag","embeddable":true,"href":"https:\/\/nublo.tv\/index.php\/wp-json\/wp\/v2\/tags?post=100"}],"curies":[{"name":"wp","href":"https:\/\/api.w.org\/{rel}","templated":true}]}}