{"id":102,"date":"2026-08-04T17:19:27","date_gmt":"2026-08-04T16:19:27","guid":{"rendered":"https:\/\/nublo.tv\/?p=102"},"modified":"2026-08-04T17:19:27","modified_gmt":"2026-08-04T16:19:27","slug":"placido-hernandez-ortiz-ganador-del-xii-concurso-de-fotografia-digital-del-festival-de-folclore-de-ingenio","status":"publish","type":"post","link":"https:\/\/nublo.tv\/index.php\/2026\/08\/04\/placido-hernandez-ortiz-ganador-del-xii-concurso-de-fotografia-digital-del-festival-de-folclore-de-ingenio\/","title":{"rendered":"Pl\u00e1cido Hern\u00e1ndez Ortiz, ganador del XII Concurso de Fotograf\u00eda Digital del Festival de Folclore de Ingenio"},"content":{"rendered":"<p class=\"x_MsoNormal\"><u><\/u>\u00a0<u><\/u><b>3\/8\/2026.-<\/b>\u00a0La fotograf\u00eda titulada \u2018Donde el mundo se encuentra\u2019, de\u00a0Pl\u00e1cido Hern\u00e1ndez Ortiz, ha obtenido el premio de la duod\u00e9cima edici\u00f3n del Concurso de Fotograf\u00eda Digital, convocado en el contexto de la reci\u00e9n concluida celebraci\u00f3n de la 31\u00ba edici\u00f3n del Festival Internacional de Folclore de Ingenio \u201cMuestra Solidaria de los Pueblos\u201d, organizado por la Asociaci\u00f3n Cultural Coros y Danzas del citado municipio.<u><\/u><u><\/u><\/p>\n<p class=\"x_MsoNormal\"><u><\/u>\u00a0<u><\/u>La imagen de Hern\u00e1ndez Ortiz, natural de Las Palmas de Gran Canaria, capta el \u00e1gil movimiento durante un baile de una de las componentes del grupo G\u00edbaro de Puerto Rico, tomada en el espect\u00e1culo de clausura del citado festival, celebrado en el Parque N\u00e9stor \u00c1lamo del casco de Ingenio el pasado 25 de julio. Se da la circunstancia de que Hern\u00e1ndez Ortiz tambi\u00e9n obtuvo el pasado a\u00f1o el premio de la und\u00e9cima edici\u00f3n.<u><\/u><u><\/u><\/p>\n<p class=\"x_MsoNormal\"><u><\/u>\u00a0<u><\/u>Como se\u00f1ala el propio ganador del concurso su fotograf\u00eda \u201csimboliza el momento en que las fronteras culturales dejan de ser una barrera para convertirse en un punto de uni\u00f3n. La fotograf\u00eda refleja c\u00f3mo el festival re\u00fane personas de distintos or\u00edgenes que, a trav\u00e9s de la m\u00fasica, la danza, el arte o la convivencia, encuentran un lenguaje com\u00fan basado en el respeto, la curiosidad y la celebraci\u00f3n de la diversidad. La esencia de la multiculturalidad no reside solo en la presencia de diferentes culturas, sino en el encuentro, el intercambio y la creaci\u00f3n de v\u00ednculos que enriquecen a todos los participantes\u201d.<\/p>\n<p class=\"x_MsoNormal\"><u><\/u>El jurado del concurso estuvo integrado por Francisco Agust\u00edn Cruz Manzano, director del Centro de Producci\u00f3n de Ingenio de Este canal Televisi\u00f3n e Iv\u00e1n Falc\u00f3n Mart\u00edn, dise\u00f1ador y t\u00e9cnico en infograf\u00eda de Este Canal Televisi\u00f3n, actuando como secretario, Francisco D\u00edaz Hern\u00e1ndez.<u><\/u><u><\/u><\/p>\n<p class=\"x_MsoNormal\"><u><\/u>\u00a0<u><\/u>A la duod\u00e9cima edici\u00f3n del concurso se presentaron un total de quince trabajos de cinco autores diferentes con im\u00e1genes capturadas en el transcurso de diversos momentos y actividades programadas con motivo del citado festival, que este a\u00f1o celebr\u00f3 su 31\u00ba aniversario desde que fuera promovido por Coros y Danzas de Ingenio.<u><\/u><u><\/u><\/p>\n<p class=\"x_MsoNormal\">\u00a0<u><\/u><u><\/u>Uno de los requisitos de este certamen era que las fotos fueran tomadas durante el transcurso de esta edici\u00f3n en donde los concursantes suelen demostrar sus habilidades y profesionalidad motivados por la rica plasticidad y el colorido que concurren en los distintos instantes en que los grupos internacionales invitados ofrecen sus bailes.<u><\/u><u><\/u><\/p>\n<p class=\"x_MsoNormal\"><u><\/u>\u00a0<u><\/u>Este concurso busca que los participantes capten la esencia de este festival que vela por preservar las se\u00f1as de identidad de los pueblos, el intercambio cultural, la etnograf\u00eda,\u00a0la tolerancia, la solidaridad y el compromiso con las tradiciones.<\/p>\n","protected":false},"excerpt":{"rendered":"<p>\u00a03\/8\/2026.-\u00a0La fotograf\u00eda titulada \u2018Donde el mundo se encuentra\u2019, de\u00a0Pl\u00e1cido Hern\u00e1ndez Ortiz, ha obtenido el premio de la duod\u00e9cima edici\u00f3n del Concurso de Fotograf\u00eda Digital, convocado en el contexto de la&hellip;<\/p>\n","protected":false},"author":14,"featured_media":103,"comment_status":"open","ping_status":"open","sticky":false,"template":"","format":"standard","meta":{"wpai_generated_summary":"","wpai_meta_description":"","footnotes":""},"categories":[130],"tags":[],"class_list":["post-102","post","type-post","status-publish","format-standard","has-post-thumbnail","hentry","category-ayuntamiento-de-ingenio"],"_links":{"self":[{"href":"https:\/\/nublo.tv\/index.php\/wp-json\/wp\/v2\/posts\/102","targetHints":{"allow":["GET"]}}],"collection":[{"href":"https:\/\/nublo.tv\/index.php\/wp-json\/wp\/v2\/posts"}],"about":[{"href":"https:\/\/nublo.tv\/index.php\/wp-json\/wp\/v2\/types\/post"}],"author":[{"embeddable":true,"href":"https:\/\/nublo.tv\/index.php\/wp-json\/wp\/v2\/users\/14"}],"replies":[{"embeddable":true,"href":"https:\/\/nublo.tv\/index.php\/wp-json\/wp\/v2\/comments?post=102"}],"version-history":[{"count":1,"href":"https:\/\/nublo.tv\/index.php\/wp-json\/wp\/v2\/posts\/102\/revisions"}],"predecessor-version":[{"id":434,"href":"https:\/\/nublo.tv\/index.php\/wp-json\/wp\/v2\/posts\/102\/revisions\/434"}],"wp:featuredmedia":[{"embeddable":true,"href":"https:\/\/nublo.tv\/index.php\/wp-json\/wp\/v2\/media\/103"}],"wp:attachment":[{"href":"https:\/\/nublo.tv\/index.php\/wp-json\/wp\/v2\/media?parent=102"}],"wp:term":[{"taxonomy":"category","embeddable":true,"href":"https:\/\/nublo.tv\/index.php\/wp-json\/wp\/v2\/categories?post=102"},{"taxonomy":"post_tag","embeddable":true,"href":"https:\/\/nublo.tv\/index.php\/wp-json\/wp\/v2\/tags?post=102"}],"curies":[{"name":"wp","href":"https:\/\/api.w.org\/{rel}","templated":true}]}}