{"id":104,"date":"2026-08-04T17:37:06","date_gmt":"2026-08-04T16:37:06","guid":{"rendered":"https:\/\/nublo.tv\/?p=104"},"modified":"2026-08-04T17:37:06","modified_gmt":"2026-08-04T16:37:06","slug":"galdar-y-tejeda-se-hermanan-con-los-once-municipios-gallegos-del-camino-de-santiago-frances","status":"publish","type":"post","link":"https:\/\/nublo.tv\/index.php\/2026\/08\/04\/galdar-y-tejeda-se-hermanan-con-los-once-municipios-gallegos-del-camino-de-santiago-frances\/","title":{"rendered":"G\u00e1ldar y Tejeda se hermanan con los once municipios gallegos del Camino de Santiago franc\u00e9s"},"content":{"rendered":"<p>\u2013 Una representaci\u00f3n de la Mancomunidad de Municipios Gallegos del Camino Franc\u00e9s firman un acuerdo de cooperaci\u00f3n cultural y tur\u00edstica con los alcaldes de G\u00e1ldar y Tejeda<\/p>\n<p>El Teatro Consistorial de G\u00e1ldar ha sido el escenario del acto de hermanamiento entre la Mancomunidad de Municipios de Ayuntamientos Gallegos del Camino Franc\u00e9s y los Ayuntamientos de G\u00e1ldar y Tejeda, municipios fuertemente vinculados tanto por su herencia jacobea como su amistad y que hoy han firmado un acuerdo para promover la cooperaci\u00f3n cultural y tur\u00edstica entre Galicia y Canarias en torno al Camino de Santiago y su tradici\u00f3n jacobea. Se trata de un acto institucional que pone el broche a toda una serie de reuniones y puestas en com\u00fan que los consistorios han celebrado en los \u00faltimos d\u00edas para seguir trabajando de la mano.<\/p>\n<p>Al acto han asistido el alcalde de G\u00e1ldar Teodoro Sosa; el alcalde de Tejeda, Francisco Perera; la presidenta de la Mancomunidad de Municipios Gallegos del Camino Franc\u00e9s y teniente de alcalde de Arz\u00faa, Bego\u00f1a Balado; y el vicepresidente de la Mancomunidad de Municipios Gallegos del Camino Franc\u00e9s y teniente de alcalde de Melide, Xos\u00e9 Igrexas, que estuvieron acompa\u00f1ados por el secretario de la Mancomunidad, Alfonso Manuel Alcal\u00e1, y la t\u00e9cnica de la Mancomunidad, Socorro Pernas. Los municipios que forman la Mancomunidad del Camino Franc\u00e9s son Arz\u00faa, Melide, Monterroso, O Pino, Palas de Rei, Paradela, Pedrafita do Cebreiro, Portomar\u00edn, Samos, Sarria y Triacastela.<\/p>\n<p>Los presentes han rubricado, en un acto dirigido por Julio Mateo Castillo, primer teniente de alcalde de G\u00e1ldar, un acuerdo aprobado en pleno por el Consistorio galdense, que ya se firm\u00f3 el pasado 11 de abril en Galicia entre los municipios gallegos, G\u00e1ldar, Tejada y San Bartolom\u00e9 de Tirajana y que ahora viene a ratificarse en Gran Canaria. Dicho acuerdo recoge como objetivos promover intercambios culturales a trav\u00e9s de la organizaci\u00f3n de eventos conjuntos, como exposiciones de arte, festivales de m\u00fasica, danza, ferias gastron\u00f3micas y otras iniciativas que se consideren convenientes para promover el conocimiento mutuo de las tradiciones y costumbres de los municipios hermanos.<\/p>\n<p>Impulsar la promoci\u00f3n tur\u00edstica entre los municipios, destacando sus atractivos naturales, hist\u00f3ricos y culturales, y desarrollando rutas tur\u00edsticas que incluyan visitas a diferentes localidades de los mismos. Tambi\u00e9n organizar eventos recreativos para fomentar la amistad y el entendimiento entre los ciudadanos de los municipios que hoy han escenificado esta firma, tras la que se ha descubierto una placa conmemorativa en la fachada de las Casas Consistoriales. <\/p>\n<p>El alcalde de G\u00e1ldar, Teodoro Sosa, aseguraba que \u201clo que hoy reafirmamos no es solo un hermanamiento entre ayuntamientos. Es un compromiso entre pueblos que creen en su gente, en sus ra\u00edces y en su capacidad para construir un mundo m\u00e1s unido.\u201d<\/p>\n<p>El primer edil destacaba el significado del camino como \u201cencuentro y hospitalidad\u201d as\u00ed como los nexos de uni\u00f3n entre todos ellos, desaf\u00edos, esperanzas y objetivos. \u201cEl Camino\u201d, puntualizaba, \u201cconstituye una herramienta extraordinaria para generar movimiento, econom\u00eda y oportunidades. Puede activar sinergias que pongan en valor todo lo que somos: nuestros productos locales, nuestras fiestas, nuestros senderos, nuestro patrimonio hist\u00f3rico, nuestra gastronom\u00eda y nuestra forma de entender la vida. Puede atraer visitantes que no solo buscan un destino, sino una experiencia aut\u00e9ntica, humana y respetuosa con el territorio.\u201d<\/p>\n<p>El alcalde de Tejeda, Francisco Perera, agradec\u00eda la oportunidad de formar parte de este hermanamiento, \u201ces un honor formar parte de este proyecto, de estos preparativos, para un municipio peque\u00f1o como el nuestro es todo un orgullo y no hay palabras para agradecer lo que significa\u00bb. Pepera animaba adem\u00e1s a todos los peregrinos que emprender\u00e1n el Camino de Santiago de Gran Canaria, \u201ccuando pasen por Tejeda les ayudaremos y animaremos para que lleguen a G\u00e1ldar. Es un camino duro, pero con ilusi\u00f3n se acaba llegando.\u201d<\/p>\n<p>La presidenta de la Mancomunidad de Municipios Gallegos del Camino Franc\u00e9s y teniente de alcalde de Arz\u00faa, Bego\u00f1a Balado afirmaba por su parte que \u201csomos una instituci\u00f3n local de 11 ayuntamientos gallegos, pero a partir de ahora, lo seremos de 11 m\u00e1s 3, nuestros tres hermanos canarios y al igual que lo hacen los hermanos, nos cogeremos de la mano y caminaremos juntos.\u201d<\/p>\n<p>La delegaci\u00f3n gallega, que ha podido vivir intensamente estos d\u00edas los principales actos de la programaci\u00f3n de las Fiestas Mayores de Santiago de G\u00e1ldar, asistir\u00e1 este s\u00e1bado 25 de julio a la solemne procesi\u00f3n en honor al Ap\u00f3stol Santiago.<\/p>\n<p>El acto de hermanamiento entre los once municipios gallegos, G\u00e1ldar y Tejeda ha contado con la actuaci\u00f3n de Aridia Ramos y Alexis Canciano al piano.<\/p>\n","protected":false},"excerpt":{"rendered":"<p>\u2013 Una representaci\u00f3n de la Mancomunidad de Municipios Gallegos del Camino Franc\u00e9s firman un acuerdo de cooperaci\u00f3n cultural y tur\u00edstica con los alcaldes de G\u00e1ldar y TejedaEl Teatro Consistorial de&hellip;<\/p>\n","protected":false},"author":2,"featured_media":108,"comment_status":"open","ping_status":"open","sticky":false,"template":"","format":"standard","meta":{"wpai_generated_summary":"","wpai_meta_description":"","footnotes":""},"categories":[129],"tags":[],"class_list":["post-104","post","type-post","status-publish","format-standard","has-post-thumbnail","hentry","category-ayuntamiento-de-galdar"],"_links":{"self":[{"href":"https:\/\/nublo.tv\/index.php\/wp-json\/wp\/v2\/posts\/104","targetHints":{"allow":["GET"]}}],"collection":[{"href":"https:\/\/nublo.tv\/index.php\/wp-json\/wp\/v2\/posts"}],"about":[{"href":"https:\/\/nublo.tv\/index.php\/wp-json\/wp\/v2\/types\/post"}],"author":[{"embeddable":true,"href":"https:\/\/nublo.tv\/index.php\/wp-json\/wp\/v2\/users\/2"}],"replies":[{"embeddable":true,"href":"https:\/\/nublo.tv\/index.php\/wp-json\/wp\/v2\/comments?post=104"}],"version-history":[{"count":1,"href":"https:\/\/nublo.tv\/index.php\/wp-json\/wp\/v2\/posts\/104\/revisions"}],"predecessor-version":[{"id":574,"href":"https:\/\/nublo.tv\/index.php\/wp-json\/wp\/v2\/posts\/104\/revisions\/574"}],"wp:featuredmedia":[{"embeddable":true,"href":"https:\/\/nublo.tv\/index.php\/wp-json\/wp\/v2\/media\/108"}],"wp:attachment":[{"href":"https:\/\/nublo.tv\/index.php\/wp-json\/wp\/v2\/media?parent=104"}],"wp:term":[{"taxonomy":"category","embeddable":true,"href":"https:\/\/nublo.tv\/index.php\/wp-json\/wp\/v2\/categories?post=104"},{"taxonomy":"post_tag","embeddable":true,"href":"https:\/\/nublo.tv\/index.php\/wp-json\/wp\/v2\/tags?post=104"}],"curies":[{"name":"wp","href":"https:\/\/api.w.org\/{rel}","templated":true}]}}