{"id":105,"date":"2026-08-04T17:35:23","date_gmt":"2026-08-04T16:35:23","guid":{"rendered":"https:\/\/nublo.tv\/?p=105"},"modified":"2026-08-04T17:35:23","modified_gmt":"2026-08-04T16:35:23","slug":"el-union-carrizal-presenta-los-actos-de-su-75o-aniversario","status":"publish","type":"post","link":"https:\/\/nublo.tv\/index.php\/2026\/08\/04\/el-union-carrizal-presenta-los-actos-de-su-75o-aniversario\/","title":{"rendered":"El Uni\u00f3n Carrizal presenta los actos de su 75\u00ba aniversario"},"content":{"rendered":"<p><span style=\"font-family: Times New Roman, serif\"><span style=\"font-size: medium\"><span style=\"font-family: Arial, serif\">En el acto estuvieron presentes la alcaldesa de Ingenio y concejala de Deportes, Vanesa Mart\u00edn; el presidente del Club de F\u00fatbol Uni\u00f3n Carrizal, Mario Ram\u00edrez; la secretaria de la entidad, Noelia Monreal; el vocal Pedro Galv\u00e1n, as\u00ed como miembros de la comisi\u00f3n organizadora del 75\u00ba aniversario.<\/span><\/span><\/span><\/p>\n<p><span style=\"font-family: Times New Roman, serif\"><span style=\"font-size: medium\"><span style=\"font-family: Arial, serif\">Durante su intervenci\u00f3n, la alcaldesa destac\u00f3 que el Uni\u00f3n Carrizal representa un ejemplo de uni\u00f3n y compromiso para las nuevas generaciones, convirti\u00e9ndose en un referente para numerosos ni\u00f1os y ni\u00f1as del municipio. Asimismo, invit\u00f3 a la ciudadan\u00eda a participar en los distintos actos programados para celebrar esta importante efem\u00e9ride<\/span><span style=\"font-family: Arial, serif\"><b>.<\/b><\/span><\/span><\/span><\/p>\n<p><span style=\"font-family: Times New Roman, serif\"><span style=\"font-size: medium\"><span style=\"font-family: Arial, serif\">Por su parte, el presidente del club, Mario Ram\u00edrez, se\u00f1al\u00f3 que el 75\u00ba aniversario supone la celebraci\u00f3n de una historia viva, que mira con orgullo al pasado sin perder de vista el futuro esperanzador de la entidad.<\/span><span style=\"font-family: Arial, serif\"><b>\u00a0<\/b><\/span><\/span><\/span><\/p>\n<p><span style=\"font-family: Times New Roman, serif\"><span style=\"font-size: medium\"><span style=\"font-family: Arial, serif\">Entre las actividades previstas destac\u00f3 la celebraci\u00f3n de la mesa redonda <\/span><b><span style=\"font-family: Arial, serif\">\u00abEl f\u00fatbol en el Sureste de Gran Canaria\u00bb<\/span><\/b><span style=\"font-family: Arial, serif\">, que tendr\u00e1 lugar el martes 11 de agosto, as\u00ed como la mesa redonda <\/span><b><span style=\"font-family: Arial, serif\">\u00abHistoria del Uni\u00f3n Carrizal\u00bb<\/span><\/b><span style=\"font-family: Arial, serif\"> y el acto institucional, previstos para el mi\u00e9rcoles 12 de agosto a las 20:00 horas. Todos estos eventos se desarrollar\u00e1n en el antiguo campo de f\u00fatbol del Uni\u00f3n Carrizal, junto a la Avenida Carlos V.<\/span><\/span><\/span><\/p>\n<p><span style=\"font-family: Times New Roman, serif\"><span style=\"font-size: medium\"><span style=\"font-family: Arial, serif\">Ram\u00edrez tambi\u00e9n resalt\u00f3 la celebraci\u00f3n de dos citas deportivas ya consolidadas en el calendario futbol\u00edstico del municipio: el <\/span><b><span style=\"font-family: Arial, serif\">53\u00ba Torneo Juan Guedes<\/span><\/b><span style=\"font-family: Arial, serif\"> y el <\/span><b><span style=\"font-family: Arial, serif\">21\u00ba Torneo Pancho Ram\u00edrez<\/span><\/b><span style=\"font-family: Arial, serif\">, que se disputar\u00e1n en el campo Manuel Jim\u00e9nez Rosales, en El Toril. Adem\u00e1s, agradeci\u00f3 el apoyo del Ayuntamiento de Ingenio y el trabajo de la comisi\u00f3n organizadora por su compromiso e implicaci\u00f3n para hacer posible esta conmemoraci\u00f3n.<\/span><\/span><\/span><\/p>\n<p><span style=\"font-family: Times New Roman, serif\"><span style=\"font-size: medium\"><span style=\"font-family: Arial, serif\">El vocal del club, Pedro Galv\u00e1n, puso el acento en la importancia hist\u00f3rica de esta efem\u00e9ride, subrayando que el patrimonio social y cultural de los municipios del sureste de Gran Canaria est\u00e1 estrechamente vinculado al deporte del f\u00fatbol y a entidades como el Uni\u00f3n Carrizal.<\/span><\/span><\/span><\/p>\n<p><span style=\"font-family: Times New Roman, serif\"><span style=\"font-size: medium\"><span style=\"font-family: Arial, serif\">La presentaci\u00f3n concluy\u00f3 con una fotograf\u00eda de familia junto a la pancarta conmemorativa del 75\u00ba aniversario, s\u00edmbolo de la fidelidad y el arraigo de un club que, durante tres cuartos de siglo, ha contribuido al crecimiento deportivo, social y econ\u00f3mico de Carrizal.<\/span><\/span><\/span><\/p>\n","protected":false},"excerpt":{"rendered":"<p>En el acto estuvieron presentes la alcaldesa de Ingenio y concejala de Deportes, Vanesa Mart\u00edn; el presidente del Club de F\u00fatbol Uni\u00f3n Carrizal, Mario Ram\u00edrez; la secretaria de la entidad,&hellip;<\/p>\n","protected":false},"author":14,"featured_media":106,"comment_status":"open","ping_status":"open","sticky":false,"template":"","format":"standard","meta":{"wpai_generated_summary":"","wpai_meta_description":"","footnotes":""},"categories":[130],"tags":[],"class_list":["post-105","post","type-post","status-publish","format-standard","has-post-thumbnail","hentry","category-ayuntamiento-de-ingenio"],"_links":{"self":[{"href":"https:\/\/nublo.tv\/index.php\/wp-json\/wp\/v2\/posts\/105","targetHints":{"allow":["GET"]}}],"collection":[{"href":"https:\/\/nublo.tv\/index.php\/wp-json\/wp\/v2\/posts"}],"about":[{"href":"https:\/\/nublo.tv\/index.php\/wp-json\/wp\/v2\/types\/post"}],"author":[{"embeddable":true,"href":"https:\/\/nublo.tv\/index.php\/wp-json\/wp\/v2\/users\/14"}],"replies":[{"embeddable":true,"href":"https:\/\/nublo.tv\/index.php\/wp-json\/wp\/v2\/comments?post=105"}],"version-history":[{"count":1,"href":"https:\/\/nublo.tv\/index.php\/wp-json\/wp\/v2\/posts\/105\/revisions"}],"predecessor-version":[{"id":525,"href":"https:\/\/nublo.tv\/index.php\/wp-json\/wp\/v2\/posts\/105\/revisions\/525"}],"wp:featuredmedia":[{"embeddable":true,"href":"https:\/\/nublo.tv\/index.php\/wp-json\/wp\/v2\/media\/106"}],"wp:attachment":[{"href":"https:\/\/nublo.tv\/index.php\/wp-json\/wp\/v2\/media?parent=105"}],"wp:term":[{"taxonomy":"category","embeddable":true,"href":"https:\/\/nublo.tv\/index.php\/wp-json\/wp\/v2\/categories?post=105"},{"taxonomy":"post_tag","embeddable":true,"href":"https:\/\/nublo.tv\/index.php\/wp-json\/wp\/v2\/tags?post=105"}],"curies":[{"name":"wp","href":"https:\/\/api.w.org\/{rel}","templated":true}]}}