{"id":1098,"date":"2026-08-05T08:54:49","date_gmt":"2026-08-05T07:54:49","guid":{"rendered":"https:\/\/nublo.tv\/?p=1098"},"modified":"2026-08-27T12:35:25","modified_gmt":"2026-08-27T11:35:25","slug":"la-feria-de-ganado-del-pino-cierra-este-viernes-el-plazo-de-inscripcion-de-participacion","status":"publish","type":"post","link":"https:\/\/nublo.tv\/index.php\/2026\/08\/05\/la-feria-de-ganado-del-pino-cierra-este-viernes-el-plazo-de-inscripcion-de-participacion\/","title":{"rendered":"La Feria de Ganado del Pino cierra este viernes el plazo de inscripci\u00f3n de participaci\u00f3n"},"content":{"rendered":"<p><strong>La Concejal\u00eda de Desarrollo Rural incrementa los premios al ganado y ayudas al transporte hasta 21.460 \u20ac. La Feria tendr\u00e1 lugar el 23 de agosto en la Finca de Osorio, con un m\u00e1ximo de 450 cabezas de ganado.<\/strong><\/p>\n<p>La Feria de Ganado de la Fiesta del Pino 2026 mantiene abierto hasta este viernes 7 de agosto el plazo de inscripci\u00f3n para participar con animales en el evento ganadero y festivo que tiene lugar el 23 de agosto en la Finca de Osorio. Los\/as ganaderos\/as inscritos\/as podr\u00e1n optar a los premios y\u00a0 ayudas al transporte de los animales, que este a\u00f1o asecender\u00e1 a 21.460 \u20ac, casi 5.000 \u20ac m\u00e1s con respecto a 2025.<\/p>\n<p><a href=\"https:\/\/teror.es\/wp-content\/uploads\/2026\/07\/03_BASES-CONVOCATORIA-FERIA-GANADO-ELPINO-2026.pdf\"><span style=\"color: #0000ff\">&#8211; BASES Y CONVOCATORIA<\/span><\/a>.<br \/>\n<a href=\"https:\/\/teror.es\/wp-content\/uploads\/2026\/07\/03_DECRETO-AMPLIACION-PLAZO-CONVICATORIA-FERIA-GANADO-PINO2026.pdf\"><span style=\"color: #0000ff\">&#8211; AMPLIACION DEL PLAZO<\/span><\/a><\/p>\n<p>El evento tradicional que abrir\u00e1 el programa de la Fiesta del Pino, organizado por la Concejal\u00eda Desarrollo Rural del Ayuntamiento de Teror, en colaboraci\u00f3n con la Concejal\u00eda de Festejos,\u00a0 tiene previsto reunir hasta 450 cabezas de ganado vacuno, bovino, caprino, ovino y equino. El horario de entrada al recinto de la Finca de Osorio se ha adelantado este a\u00f1o, de 7:00 a 10:00 horas.<\/p>\n<p><strong>INSCRIPCI\u00d3N DE FORMA PRESENCIAL O TELEM\u00c1TICA<\/strong><\/p>\n<p>La inscripci\u00f3n se realizar\u00e1 de manera presencial, en la Oficina de Atenci\u00f3n Ciudadana (Registro Municipal), Oficinas Generales del Ayuntamiento de Teror, sita en la Plaza Muro Nuevo, n\u00famero 2, Teror. Y tambi\u00e9n de manera telem\u00e1tica, a trav\u00e9s de la Sede Electr\u00f3nica del Ayuntamiento de Teror (Direcci\u00f3n web https:\/\/teror.sedelectronica.es); TR\u00c1MITES; INSTANCIA GENERAL (Presentaci\u00f3n electr\u00f3nica).<\/p>\n<p>Podr\u00e1n participar los\/as ganaderos\/as de Gran Canaria, con preferencia por motivo de capacidad del municipio de Teror, interesados\/as que cumplan los requisitos establecidos en las bases. La inscripci\u00f3n del ganado se realizar\u00e1 con antelaci\u00f3n a la celebraci\u00f3n del evento, hasta un m\u00e1ximo de 450 cabezas de ganado, repartidas de la siguiente forma: 150 plazas para ganado bovino. 120 plazas para ganado caprino. 120 plazas para ganado ovino. 60 plazas para ganado equino.<\/p>\n<p>El ganado que participe en el certamen debe presentarse habiendo sido orde\u00f1ado el d\u00eda anterior o quedar\u00e1 inmediatamente descalificado por el jurado. Los animales participantes deber\u00e1n estar saneados, en unas condiciones higi\u00e9nico-sanitarias adecuadas, requisito que se tendr\u00e1 en cuenta en la calificaci\u00f3n, as\u00ed como identificados con los correspondientes crotales o \u201ctransponder\u201d, tipo microchip.<\/p>\n<p><strong>INCREMENTO DE CUANT\u00cdA EN LOS PREMIOS<\/strong><\/p>\n<p><a href=\"https:\/\/teror.es\/wp-content\/uploads\/2026\/07\/29_cartel_ganado_2026_premios.jpg\"><img loading=\"lazy\" decoding=\"async\" class=\"alignright size-vp_sm wp-image-98541\" src=\"https:\/\/teror.es\/wp-content\/uploads\/2026\/07\/29_cartel_ganado_2026_premios-500x625.jpg\" alt=\"\" width=\"500\" height=\"625\" \/><\/a>El Ayuntamiento de Teror, a trav\u00e9s de la Concejal\u00eda de Festejos en colaboraci\u00f3n con la Concejal\u00eda de Desarrollo Rural y Medio Ambiente, que dirige la edil Irene Ortega, ha establecido premios por categor\u00edas entre los animales presentados al certamen, que se distribuir\u00e1n por un valor total de 14.460 \u20ac para ganado Bovino del Pa\u00eds (5.200 \u20ac), Bovino Extranjero (3.740 \u20ac), Caprino (1.720 \u20ac), Ovino (1.720 \u20ac), y Equino (2.080 \u20ac).<\/p>\n<p>El Ayuntamiento de Teror contar\u00e1 adem\u00e1s con un presupuesto de 7.000 \u20ac para subvencionar con prestaciones econ\u00f3micas a los\/as participantes para las ayudas al transporte de los animales asistentes al evento con un m\u00e1ximo 4 cabezas de ganado bovino, 4 cabezas de ganado bovino extranjero, 8 cabezas de ganado caprino y ovino, en total, y 2 cabezas de ganado equino.<\/p>\n<p><strong>DOCUMENTACI\u00d3N NECESARIA EN LA INSCRIPCI\u00d3N<\/strong><\/p>\n<p>La documentaci\u00f3n a aportar para participar en la Feria de Ganado ser\u00e1:<br \/>\n&#8211; Solicitud de participaci\u00f3n (Anexo I), debidamente cumplimentado y firmado.<br \/>\n&#8211; Fotocopia del D.N.I. en vigor.<br \/>\n&#8211; Fotocopia de la Gu\u00eda Anual de Cert\u00e1menes Ganaderos para el a\u00f1o 2026.<br \/>\n&#8211; Fotocopia del pasaporte del animal (DIP), o cartilla de vacunaci\u00f3n (ganado equino).<br \/>\n-Alta\/Modificaci\u00f3n de terceros, siempre y cuando no obre previamente tal documentaci\u00f3n en poder de esta Administraci\u00f3n, a tenor de lo establecido en el art\u00edculo 28.2 de la Ley 39\/2015, de 1 de Octubre, del Procedimiento Administrativo Com\u00fan de las Administraciones P\u00fablicas.<br \/>\n&#8211; Certificado que acredite la titularidad de la cuenta bancaria.<br \/>\n&#8211; Certificado expedido a la Agencia Tributaria Estatal de estar al corriente de las obligaciones tributarias.<br \/>\n&#8211; Certificado expedido a la Agencia Tributaria Auton\u00f3mica de estar al corriente de las obligaciones tributarias.<br \/>\n&#8211; Certificado expedido a la Tesorer\u00eda General de la Seguridad Social de estar al corriente de las obligaciones tributarias.<\/p>\n","protected":false},"excerpt":{"rendered":"<p>La Concejal\u00eda de Desarrollo Rural incrementa los premios al ganado y ayudas al transporte hasta 21.460 \u20ac. La Feria tendr\u00e1 lugar el 23 de agosto en la Finca de Osorio,&hellip;<\/p>\n","protected":false},"author":1,"featured_media":1099,"comment_status":"open","ping_status":"open","sticky":false,"template":"","format":"standard","meta":{"wpai_generated_summary":"","wpai_meta_description":"","footnotes":""},"categories":[141],"tags":[],"class_list":["post-1098","post","type-post","status-publish","format-standard","has-post-thumbnail","hentry","category-ayuntamiento-de-teror"],"_links":{"self":[{"href":"https:\/\/nublo.tv\/index.php\/wp-json\/wp\/v2\/posts\/1098","targetHints":{"allow":["GET"]}}],"collection":[{"href":"https:\/\/nublo.tv\/index.php\/wp-json\/wp\/v2\/posts"}],"about":[{"href":"https:\/\/nublo.tv\/index.php\/wp-json\/wp\/v2\/types\/post"}],"author":[{"embeddable":true,"href":"https:\/\/nublo.tv\/index.php\/wp-json\/wp\/v2\/users\/1"}],"replies":[{"embeddable":true,"href":"https:\/\/nublo.tv\/index.php\/wp-json\/wp\/v2\/comments?post=1098"}],"version-history":[{"count":1,"href":"https:\/\/nublo.tv\/index.php\/wp-json\/wp\/v2\/posts\/1098\/revisions"}],"predecessor-version":[{"id":1132,"href":"https:\/\/nublo.tv\/index.php\/wp-json\/wp\/v2\/posts\/1098\/revisions\/1132"}],"wp:featuredmedia":[{"embeddable":true,"href":"https:\/\/nublo.tv\/index.php\/wp-json\/wp\/v2\/media\/1099"}],"wp:attachment":[{"href":"https:\/\/nublo.tv\/index.php\/wp-json\/wp\/v2\/media?parent=1098"}],"wp:term":[{"taxonomy":"category","embeddable":true,"href":"https:\/\/nublo.tv\/index.php\/wp-json\/wp\/v2\/categories?post=1098"},{"taxonomy":"post_tag","embeddable":true,"href":"https:\/\/nublo.tv\/index.php\/wp-json\/wp\/v2\/tags?post=1098"}],"curies":[{"name":"wp","href":"https:\/\/api.w.org\/{rel}","templated":true}]}}