{"id":110,"date":"2026-08-04T17:37:06","date_gmt":"2026-08-04T16:37:06","guid":{"rendered":"https:\/\/nublo.tv\/?p=110"},"modified":"2026-08-04T17:37:06","modified_gmt":"2026-08-04T16:37:06","slug":"ingenio-clausuro-su-festival-de-folclore-en-una-noche-alumbrada-por-el-lenguaje-universal-de-las-tradiciones","status":"publish","type":"post","link":"https:\/\/nublo.tv\/index.php\/2026\/08\/04\/ingenio-clausuro-su-festival-de-folclore-en-una-noche-alumbrada-por-el-lenguaje-universal-de-las-tradiciones\/","title":{"rendered":"Ingenio clausur\u00f3 su Festival de Folclore en una noche alumbrada por el lenguaje universal de las tradiciones"},"content":{"rendered":"<p class=\"x_MsoNormal\"><b><span lang=\"ES-TRAD\">\u00a0<\/span><\/b><b><span lang=\"ES-TRAD\">ENLACE DESCARGA VIDEO PARA LAS TELEVISIONES<\/span><\/b><\/p>\n<p class=\"x_MsoNormal\"><span lang=\"ES-TRAD\"><a title=\"https:\/\/ydray.com\/get\/t\/u17850549272006PTgr8cb6639e08a2Rg\" href=\"https:\/\/ydray.com\/get\/t\/u17850549272006PTgr8cb6639e08a2Rg\" target=\"_blank\" rel=\"noopener noreferrer\" data-auth=\"NotApplicable\" data-linkindex=\"0\"><b>https:\/\/ydray.com\/get\/t\/u17850549272006PTgr8cb6639e08a2Rg<\/b><\/a><\/span><b><\/b><\/p>\n<p class=\"x_MsoNormal\"><b><span lang=\"ES-TRAD\">26\/7\/2026.-\u00a0<\/span><\/b><span lang=\"ES-TRAD\">Con un heterog\u00e9neo espect\u00e1culo que super\u00f3 las dos horas de duraci\u00f3n se clausur\u00f3 en la noche de ayer s\u00e1bado, d\u00eda 25 de julio, en el Parque N\u00e9stor \u00c1lamo de Ingenio, la 31\u00ba edici\u00f3n del Festival Internacional de Folclore \u2018Muestra Solidaria de los Pueblos\u2019 que, desde el pasado 13 de julio ha venido celebr\u00e1ndose en el citado municipio, contando con la participaci\u00f3n de diferentes grupos folcl\u00f3ricos pertenecientes a los continentes de Asia, \u00c1frica, Am\u00e9rica y Europa.<\/span><\/p>\n<p class=\"x_MsoNormal\"><span lang=\"ES-TRAD\">Presentado por el decimista y profesor de la Universidad de Las Palmas de Gran Canaria, Yeray Rodr\u00edguez, el acto puso de manifiesto la riqueza multicultural que atesoran y custodian los pa\u00edses de Armenia, Bulgaria, Grecia, Costa de Marfil, Puerto Rico, Taiw\u00e1n, Espa\u00f1a y Canarias. Desde las danzas en\u00e9rgicas africanas y el braceo con el caracter\u00edstico zapateado andaluz, a los evocadores ritmos griegos, pasando por los delicados movimientos de las bailarinas armenias, los cantos ancestrales taiwaneses, los sincopados ritmos b\u00falgaros, la elegante propuesta puertorrique\u00f1a, la destreza ceremonial b\u00falgara y los aires y manifestaciones festivas canarias, el acto constituy\u00f3 un rico periplo por la diversidad patrimonial y el lenguaje universal de las tradiciones.<\/span><\/p>\n<p class=\"x_MsoNormal\"><span lang=\"ES-TRAD\">Tras la obertura protagonizada por la cantante ingeniense Goreti Ben\u00edtez, que estuvo acompa\u00f1ada al piano por Samuel P\u00e9rez en las dos canciones \u2018El becerrito\u2019 y \u2018Pajarillo verde\u2019, con las que el festival quiso recordar al pa\u00eds hermano de Venezuela tras el trance en que se ha visto sumido con motivo del violento terremoto sufrido hace un mes, Yeray Rodr\u00edguez aconsej\u00f3 al p\u00fablico que llenaba por completo el aforo del parque, \u201cque preparara el alma y el coraz\u00f3n para disfrutar y apreciar las propuestas musicales que restaban de la noche\u201d.<\/span><\/p>\n<p class=\"x_MsoNormal\"><span lang=\"ES-TRAD\">\u201cEsta noche Ingenio se convierte en el coraz\u00f3n del mundo, porque con este festival sigue buscando lo que nos une\u201d, dijo el presentador al p\u00fablico, entre el que se encontraba tambi\u00e9n presente una nutrida representaci\u00f3n institucional: el presidente del Cabildo grancanario, Antonio Morales, la alcaldesa de Ingenio Vanesa Mart\u00edn acompa\u00f1ada de los miembros de su Corporaci\u00f3n municipal, la consejera de Cultura del Cabildo, Guacimara Medina, el alcalde de Tegueste, Norberto Padilla, el rector de la Universidad de Las Palmas de Gran Canaria, Llu\u00eds Serra, el etn\u00f3grafo Maximiano Trapero, la directora general del Gobierno de Canarias de los Servicios Sociales e Inmigraci\u00f3n, Elizabeth Santana, el senador socialista Ram\u00f3n Morales y el diputado Luis Campos, entre otros.<\/span><\/p>\n<p class=\"x_MsoNormal\"><span lang=\"ES-TRAD\">Tras el recuerdo a Venezuela iniciaron el viaje internacional por el folclore y la danza de los pa\u00edses invitados los integrantes de la Asociaci\u00f3n Cultural Coros y Danzas de Ingenio, como anfitriones de la noche y promotores de este festival que organizan desde hace m\u00e1s de tres d\u00e9cadas con la ayuda del ayuntamiento de Ingenio y el patrocinio del Cabildo de Gran Canaria. Interpretaron la canci\u00f3n tradicional \u2018Conde Olino\u2019 y otras piezas de su repertorio en las que se refirieron a los oficios tradicionales con un sorondongo, una zaranda de Lanzarote, la polka de Capot\u00edn y una isa de despedida.<\/span><\/p>\n<p class=\"x_MsoNormal\"><span lang=\"ES-TRAD\">A continuaci\u00f3n, se present\u00f3 sobre el escenario la Asociaci\u00f3n Cultural Kuo-Shin Chuang Pangcah Dance Theatre de Taiw\u00e1n, con sus bailes que los conectan con la tierra a trav\u00e9s de cinco cantos tradicionales que se suelen interpretar en el contexto familiar en agradecimiento por las cosechas favorables. El grupo, que por vez primera actuaba en Canarias, proven\u00eda de Hualien, un peque\u00f1o pueblo costero en donde el legado cultural se transmite de generaci\u00f3n en generaci\u00f3n.<\/span><\/p>\n<p class=\"x_MsoNormal\"><span lang=\"ES-TRAD\">Armenia, a trav\u00e9s de la Compa\u00f1\u00eda de Danza Husher, present\u00f3 una serie de cuadros de sus danzas nacionales. Los brazos de las bailarinas sobre el escenario se mov\u00edan delicadamente mostrando un equilibrio acompasado con la m\u00fasica a la hora de afrontar la pieza llamada, Artsakhi zmrukht havker. Tambi\u00e9n se presentaba esta compa\u00f1\u00eda por primera vez en Canarias, aunque han estado en tres ocasiones en Espa\u00f1a.<\/span><\/p>\n<p class=\"x_MsoNormal\"><span lang=\"ES-TRAD\">Seguidamente toc\u00f3 turno a la Asociaci\u00f3n Cultural Coros y Danzas de Roda, que interpretaron los dos tanguillos \u2018C\u00e1diz\u2019 y \u2018Jerez\u2019 y el fandango \u2018Huelva\u2019. El grupo que actuaba por vez primera en Canarias ha rescatado del olvido gran parte del folclore de Andaluc\u00eda, empezando por sus danzas serranas, fandangos abandolados, ronde\u00f1as y caracter\u00edsticos verdiales.<\/span><\/p>\n<p class=\"x_MsoNormal\"><span lang=\"ES-TRAD\">De Andaluc\u00eda a Grecia. La Asociaci\u00f3n Cultural de la Tradici\u00f3n Griega Alonaki, que por vez primera actuaba en Espa\u00f1a, afront\u00f3 cuatro danzas con sus 27 bailarines y sus siete m\u00fasicos: la tsamikos, que bailaban los carniceros tras la matanza y que\u00a0 solo la ejecutan los hombres sin un patr\u00f3n coreogr\u00e1fico determinado, la kageli, la xasapiko y la xasaposerviko.<\/span><\/p>\n<p class=\"x_MsoNormal\"><span lang=\"ES-TRAD\">La de Costa de Marfil fue una de las actuaciones m\u00e1s aplaudidas de la noche. Las acrobacias en\u00e9rgicas de los africanos de la Compa\u00f1\u00eda de Danza Mien Moh se acompasaron con el ritmo fren\u00e9tico de sus once tambores en el mix de danzas tradicionales de distintas zonas del pa\u00eds. Los 18 integrantes del grupo son bailarines profesionales y nunca antes hab\u00edan estado en Canarias.<\/span><\/p>\n<p class=\"x_MsoNormal\"><span lang=\"ES-TRAD\">A continuaci\u00f3n, el p\u00fablico disfrut\u00f3 de uno de los patrimonios folcl\u00f3ricos m\u00e1s ricos de Europa, el b\u00falgaro. El Conjunto Folcl\u00f3rico Razvitie, que actuaba por vez primera en Espa\u00f1a, realiz\u00f3 dos danzas. Una de ellas, propia de Pirin, una zona del sur del pa\u00eds, la bailan solo los hombres y en la que emplean unos grandes tambores con los que ahuyentan a los diablos. La otra, muy din\u00e1mica y r\u00e1pida, es una continuaci\u00f3n de la primera que bailan hombre y mujeres y se practica en reuniones familiares que tienen lugar antes de las bodas.<\/span><\/p>\n<p class=\"x_MsoNormal\"><span lang=\"ES-TRAD\">El grupo G\u00edbaro de Puerto Rico present\u00f3 su n\u00famero \u2018La bomba de Santurce\u2019, un baile elegante que procede de la herencia afroantillana de la regi\u00f3n de Cangrejos. La ropa blanca de las mujeres representa la adoraci\u00f3n a la deidad y la cadencia de los movimientos de hombres y mujeres llega a convertirse en un reto. Por primera vez visitaban Canarias, gracias a la ayuda que les ha brindado la Compa\u00f1\u00eda de Turismo de Puerto Rico.<\/span><\/p>\n<p class=\"x_MsoNormal\"><span lang=\"ES-TRAD\">Una vez concluida la serie de actuaciones de los grupos internacionales, Yeray Rodr\u00edguez volvi\u00f3 a subir al escenario para preludiar el punto y final del espect\u00e1culo de clausura con unas d\u00e9cimas dedicadas a cada una de las formaciones participantes, que cantaron todas juntas sobre el escenario el himno del festival \u2018Cantar la Vida\u2019, compuesto en su d\u00eda por Armando Hern\u00e1ndez. La inagotable y pluridimensional capacidad de la m\u00fasica como veh\u00edculo universal de entendimiento y aproximaci\u00f3n a la idiosincrasia de los pueblos del mundo, qued\u00f3 de manifiesto en ese instante emotivo con el que se despidi\u00f3 el festival hasta el pr\u00f3ximo a\u00f1o 2027.<\/span><\/p>\n<p class=\"x_MsoNormal\"><span lang=\"ES-TRAD\">Ma\u00f1ana lunes, d\u00eda 27 y el martes, d\u00eda 28, actuar\u00e1n en distintos centros asistenciales varios grupos, a modo de extensi\u00f3n del festival. El grupo G\u00edbaro de Puerto Rico lo har\u00e1 en la Residencia de Mayores de Ingenio, la compa\u00f1\u00eda de danza taiwanesa en el Centro de Estancia Diurna y los costamarfi\u00f1elos de la compa\u00f1\u00eda Mien Moh en el Centro Ocupacional de Ingenio. El d\u00eda 28, la compa\u00f1\u00eda Alonaki de Grecia lo har\u00e1 tambi\u00e9n en el Centro Ocupacional de Ingenio.<\/span><\/p>\n","protected":false},"excerpt":{"rendered":"<p>\u00a0ENLACE DESCARGA VIDEO PARA LAS TELEVISIONEShttps:\/\/ydray.com\/get\/t\/u17850549272006PTgr8cb6639e08a2Rg26\/7\/2026.-\u00a0Con un heterog\u00e9neo espect\u00e1culo que super\u00f3 las dos horas de duraci\u00f3n se clausur\u00f3 en la noche de ayer s\u00e1bado, d\u00eda 25 de julio, en el&hellip;<\/p>\n","protected":false},"author":14,"featured_media":111,"comment_status":"open","ping_status":"open","sticky":false,"template":"","format":"standard","meta":{"wpai_generated_summary":"","wpai_meta_description":"","footnotes":""},"categories":[130],"tags":[],"class_list":["post-110","post","type-post","status-publish","format-standard","has-post-thumbnail","hentry","category-ayuntamiento-de-ingenio"],"_links":{"self":[{"href":"https:\/\/nublo.tv\/index.php\/wp-json\/wp\/v2\/posts\/110","targetHints":{"allow":["GET"]}}],"collection":[{"href":"https:\/\/nublo.tv\/index.php\/wp-json\/wp\/v2\/posts"}],"about":[{"href":"https:\/\/nublo.tv\/index.php\/wp-json\/wp\/v2\/types\/post"}],"author":[{"embeddable":true,"href":"https:\/\/nublo.tv\/index.php\/wp-json\/wp\/v2\/users\/14"}],"replies":[{"embeddable":true,"href":"https:\/\/nublo.tv\/index.php\/wp-json\/wp\/v2\/comments?post=110"}],"version-history":[{"count":1,"href":"https:\/\/nublo.tv\/index.php\/wp-json\/wp\/v2\/posts\/110\/revisions"}],"predecessor-version":[{"id":568,"href":"https:\/\/nublo.tv\/index.php\/wp-json\/wp\/v2\/posts\/110\/revisions\/568"}],"wp:featuredmedia":[{"embeddable":true,"href":"https:\/\/nublo.tv\/index.php\/wp-json\/wp\/v2\/media\/111"}],"wp:attachment":[{"href":"https:\/\/nublo.tv\/index.php\/wp-json\/wp\/v2\/media?parent=110"}],"wp:term":[{"taxonomy":"category","embeddable":true,"href":"https:\/\/nublo.tv\/index.php\/wp-json\/wp\/v2\/categories?post=110"},{"taxonomy":"post_tag","embeddable":true,"href":"https:\/\/nublo.tv\/index.php\/wp-json\/wp\/v2\/tags?post=110"}],"curies":[{"name":"wp","href":"https:\/\/api.w.org\/{rel}","templated":true}]}}