{"id":114,"date":"2026-08-04T17:37:06","date_gmt":"2026-08-04T16:37:06","guid":{"rendered":"https:\/\/nublo.tv\/?p=114"},"modified":"2026-08-04T17:37:06","modified_gmt":"2026-08-04T16:37:06","slug":"christopher-macdonald-y-viola-lippitsch-lideran-el-estreno-del-surf-freestyle-en-el-burrero","status":"publish","type":"post","link":"https:\/\/nublo.tv\/index.php\/2026\/08\/04\/christopher-macdonald-y-viola-lippitsch-lideran-el-estreno-del-surf-freestyle-en-el-burrero\/","title":{"rendered":"Christopher MacDonald y Viola Lippitsch lideran el estreno del Surf-Freestyle en El Burrero"},"content":{"rendered":"<p><b>Las Palmas de Gran Canaria, 23 de julio de 2026.-<\/b>\u00a0El estadounidense Christopher MacDonald y la austr\u00edaca Viola Lippitsch han marcado el ritmo en el comienzo de la Copa del Mundo de Surf-Freestyle de la Gran Canaria GWA Wingfoil World Cup 2026. Ambos consiguieron las puntuaciones m\u00e1s altas de las primeras mangas disputadas este jueves en la Playa de El Burrero, en Ingenio.<b><\/b><\/p>\n<p class=\"v1MsoNormal\">MacDonald, tricampe\u00f3n mundial, firm\u00f3 la mejor actuaci\u00f3n de la categor\u00eda masculina con 17,83 puntos. El vigente campe\u00f3n del mundo, el dan\u00e9s Benjamin Castenskiold, respondi\u00f3 con 17,16 y confirm\u00f3 el buen momento que atraviesa despu\u00e9s de imponerse en la anterior parada del circuito, celebrada en Tarifa.<\/p>\n<p class=\"v1MsoNormal\">El joven de origen alem\u00e1n Franz Schlittenbauer tambi\u00e9n protagoniz\u00f3 un destacado comienzo con 15,50 puntos, seguido por el franc\u00e9s Axel Gerard, con 14,60. Bastien Escofet, reciente subcampe\u00f3n de FreeFly-Slalom en Gran Canaria, alcanz\u00f3 los 14,13; el brit\u00e1nico Charlie Loch sum\u00f3 13,93 y el austr\u00edaco Tomas Acherer, ganador de la primera prueba de la temporada en Leucate, inici\u00f3 su participaci\u00f3n con una valoraci\u00f3n de 13,36, suma de sus dos mejores trucos puntuados.<\/p>\n<p class=\"v1MsoNormal\">Las diferencias entre los principales favoritos anticipan unas eliminatorias muy abiertas. MacDonald y Castenskiold han lanzado el primer aviso, pero riders como Acherer, Gerard, Escofet, Loch y el italiano Rocco Makana mantienen intactas sus opciones de avanzar hacia las rondas decisivas.<\/p>\n<p class=\"v1MsoNormal\"><b>Lippitsch y Suard\u00edaz toman la iniciativa<\/b><\/p>\n<p class=\"v1MsoNormal\">En categor\u00eda femenina, Viola Lippitsch consigui\u00f3 la puntuaci\u00f3n m\u00e1s alta de las primeras mangas con 14,90 puntos. La austr\u00edaca se situ\u00f3 por delante de N\u00eda Suard\u00edaz, que comenz\u00f3 con fuerza su participaci\u00f3n y obtuvo una valoraci\u00f3n de 13,04.<\/p>\n<p class=\"v1MsoNormal\">Suard\u00edaz afronta el Surf-Freestyle apenas un d\u00eda despu\u00e9s de conquistar en El Burrero la Copa del Mundo de FreeFly-Slalom. La espa\u00f1ola mantiene as\u00ed el impulso de una semana en la que tambi\u00e9n se impuso en la Copa Open de Canarias de Wingfoil Slalom.<\/p>\n<p class=\"v1MsoNormal\">En Surf-Freestyle, la tarife\u00f1a llega a Gran Canaria como una de las principales candidatas despu\u00e9s de ganar la primera prueba de la temporada en Leucate y finalizar segunda en Tarifa. Representando a Espa\u00f1a tambi\u00e9n destaca Sof\u00eda Ginzinger, tercera en Leucate y segunda del ranking general, abri\u00f3 su participaci\u00f3n con 9,50.<\/p>\n<p class=\"v1MsoNormal\">Los resultados corresponden a las primeras rondas de una competici\u00f3n que continuar\u00e1 hasta este s\u00e1bado, por lo que las clasificaciones tienen car\u00e1cter provisional. Sin embargo, Suardiaz podr\u00eda proclamarse campeona del mundo en El Burrero si queda primera y sus principales contrincantes no consiguen buena puntuaci\u00f3n.<\/p>\n<p class=\"v1MsoNormal\">La Copa del Mundo de Surf-Freestyle re\u00fane hasta el s\u00e1bado a m\u00e1s de medio centenar de especialistas internacionales. Las condiciones de viento con hasta m\u00e1s de 40 nudos en El Burrero obligan a los riders a combinar potencia, precisi\u00f3n y control en los aterrizajes.<\/p>\n<p class=\"v1MsoNormal\">Los jueces valoran la dificultad t\u00e9cnica, la altura, la ejecuci\u00f3n y la variedad de las rotaciones y maniobras a\u00e9reas. Cada intento puede modificar el resultado de una manga y dejar fuera a alguno de los favoritos, especialmente en unas eliminatorias con diferencias muy reducidas.<\/p>\n<p class=\"v1MsoNormal\">La competici\u00f3n continuar\u00e1 durante este viernes y s\u00e1bado con las siguientes rondas, semifinales y finales, siempre condicionadas por la evoluci\u00f3n del viento y el estado del mar. El p\u00fablico podr\u00e1 seguir la acci\u00f3n desde la Playa de El Burrero.<\/p>\n<p class=\"v1MsoNormal\">La Gran Canaria GWA Wingfoil World Cup re\u00fane durante la semana a m\u00e1s de 120 deportistas de 13 pa\u00edses y consolida a Gran Canaria como uno de los grandes escenarios internacionales de los deportes de viento. La programaci\u00f3n se completa con actividades ambientales, acciones formativas y charlas de prevenci\u00f3n de accidentes acu\u00e1ticos y propuestas abiertas a la ciudadan\u00eda.<\/p>\n<p class=\"v1MsoNormal\">La Gran Canaria GWA Wingfoil World Cup 2026 est\u00e1 organizada por el Club Deportivo Canakite Experiences, el Club N\u00e1utico El Burrero y el Ayuntamiento de la Villa de Ingenio, con la colaboraci\u00f3n de la Real Federaci\u00f3n Canaria de Vela y Spar, y el apoyo de las \u00e1reas de Turismo y Deportes del Cabildo de Gran Canaria, Promotur Islas Canarias y la Consejer\u00eda de Deportes del Gobierno de Canarias.<\/p>\n","protected":false},"excerpt":{"rendered":"<p>Las Palmas de Gran Canaria, 23 de julio de 2026.-\u00a0El estadounidense Christopher MacDonald y la austr\u00edaca Viola Lippitsch han marcado el ritmo en el comienzo de la Copa del Mundo&hellip;<\/p>\n","protected":false},"author":14,"featured_media":115,"comment_status":"open","ping_status":"open","sticky":false,"template":"","format":"standard","meta":{"wpai_generated_summary":"","wpai_meta_description":"","footnotes":""},"categories":[130],"tags":[],"class_list":["post-114","post","type-post","status-publish","format-standard","has-post-thumbnail","hentry","category-ayuntamiento-de-ingenio"],"_links":{"self":[{"href":"https:\/\/nublo.tv\/index.php\/wp-json\/wp\/v2\/posts\/114","targetHints":{"allow":["GET"]}}],"collection":[{"href":"https:\/\/nublo.tv\/index.php\/wp-json\/wp\/v2\/posts"}],"about":[{"href":"https:\/\/nublo.tv\/index.php\/wp-json\/wp\/v2\/types\/post"}],"author":[{"embeddable":true,"href":"https:\/\/nublo.tv\/index.php\/wp-json\/wp\/v2\/users\/14"}],"replies":[{"embeddable":true,"href":"https:\/\/nublo.tv\/index.php\/wp-json\/wp\/v2\/comments?post=114"}],"version-history":[{"count":1,"href":"https:\/\/nublo.tv\/index.php\/wp-json\/wp\/v2\/posts\/114\/revisions"}],"predecessor-version":[{"id":580,"href":"https:\/\/nublo.tv\/index.php\/wp-json\/wp\/v2\/posts\/114\/revisions\/580"}],"wp:featuredmedia":[{"embeddable":true,"href":"https:\/\/nublo.tv\/index.php\/wp-json\/wp\/v2\/media\/115"}],"wp:attachment":[{"href":"https:\/\/nublo.tv\/index.php\/wp-json\/wp\/v2\/media?parent=114"}],"wp:term":[{"taxonomy":"category","embeddable":true,"href":"https:\/\/nublo.tv\/index.php\/wp-json\/wp\/v2\/categories?post=114"},{"taxonomy":"post_tag","embeddable":true,"href":"https:\/\/nublo.tv\/index.php\/wp-json\/wp\/v2\/tags?post=114"}],"curies":[{"name":"wp","href":"https:\/\/api.w.org\/{rel}","templated":true}]}}