{"id":1144,"date":"2026-08-05T14:32:52","date_gmt":"2026-08-05T13:32:52","guid":{"rendered":"https:\/\/nublo.tv\/?p=1144"},"modified":"2026-08-29T08:57:49","modified_gmt":"2026-08-29T07:57:49","slug":"galdar-ultima-los-preparativos-del-festival-benesmer-2026-que-arranca-este-jueves-con-la-ancestral-fiesta-de-la-cosecha","status":"publish","type":"post","link":"https:\/\/nublo.tv\/index.php\/2026\/08\/05\/galdar-ultima-los-preparativos-del-festival-benesmer-2026-que-arranca-este-jueves-con-la-ancestral-fiesta-de-la-cosecha\/","title":{"rendered":"G\u00e1ldar ultima los preparativos del Festival Be\u00f1esmer 2026, que arranca este jueves con la ancestral \u2018Fiesta de la Cosecha\u2019"},"content":{"rendered":"<div><img loading=\"lazy\" decoding=\"async\" width=\"240\" height=\"300\" src=\"https:\/\/www.galdar.es\/wp-content\/uploads\/2026\/07\/Cartel-Benesmer-240x300.jpg\" class=\"attachment-medium size-medium wp-post-image\" alt=\"\" style=\"margin-bottom: 15px\" \/><\/div>\n<p>&#8211; El barrio de El Agujero y el nuevo Centro de Interpretaci\u00f3n La Guancha se preparan para recibir una programaci\u00f3n que reivindica el patrimonio canario del 6 al 8 de agosto. La cuenta atr\u00e1s para el Festival Be\u00f1esmer 2026 ha comenzado. Este jueves, 6 de agosto, G\u00e1ldar encender\u00e1 la mecha de la ancestral \u2018Fiesta de<a class=\"moretag\" href=\"https:\/\/www.galdar.es\/galdar-ultima-los-preparativos-del-festival-benesmer-2026-que-arranca-este-jueves-con-la-ancestral-fiesta-de-la-cosecha\/\">&#8230;<\/a><\/p>\n<p>galdar.es\u00bb>Ayuntamiento de G\u00e1ldar<\/a>.<\/p>\n","protected":false},"excerpt":{"rendered":"<p>&#8211; El barrio de El Agujero y el nuevo Centro de Interpretaci\u00f3n La Guancha se preparan para recibir una programaci\u00f3n que reivindica el patrimonio canario del 6 al 8 de&hellip;<\/p>\n","protected":false},"author":1,"featured_media":1145,"comment_status":"open","ping_status":"open","sticky":false,"template":"","format":"standard","meta":{"wpai_generated_summary":"","wpai_meta_description":"","footnotes":""},"categories":[129],"tags":[],"class_list":["post-1144","post","type-post","status-publish","format-standard","has-post-thumbnail","hentry","category-ayuntamiento-de-galdar"],"_links":{"self":[{"href":"https:\/\/nublo.tv\/index.php\/wp-json\/wp\/v2\/posts\/1144","targetHints":{"allow":["GET"]}}],"collection":[{"href":"https:\/\/nublo.tv\/index.php\/wp-json\/wp\/v2\/posts"}],"about":[{"href":"https:\/\/nublo.tv\/index.php\/wp-json\/wp\/v2\/types\/post"}],"author":[{"embeddable":true,"href":"https:\/\/nublo.tv\/index.php\/wp-json\/wp\/v2\/users\/1"}],"replies":[{"embeddable":true,"href":"https:\/\/nublo.tv\/index.php\/wp-json\/wp\/v2\/comments?post=1144"}],"version-history":[{"count":2,"href":"https:\/\/nublo.tv\/index.php\/wp-json\/wp\/v2\/posts\/1144\/revisions"}],"predecessor-version":[{"id":18097,"href":"https:\/\/nublo.tv\/index.php\/wp-json\/wp\/v2\/posts\/1144\/revisions\/18097"}],"wp:featuredmedia":[{"embeddable":true,"href":"https:\/\/nublo.tv\/index.php\/wp-json\/wp\/v2\/media\/1145"}],"wp:attachment":[{"href":"https:\/\/nublo.tv\/index.php\/wp-json\/wp\/v2\/media?parent=1144"}],"wp:term":[{"taxonomy":"category","embeddable":true,"href":"https:\/\/nublo.tv\/index.php\/wp-json\/wp\/v2\/categories?post=1144"},{"taxonomy":"post_tag","embeddable":true,"href":"https:\/\/nublo.tv\/index.php\/wp-json\/wp\/v2\/tags?post=1144"}],"curies":[{"name":"wp","href":"https:\/\/api.w.org\/{rel}","templated":true}]}}