{"id":1146,"date":"2026-08-05T14:32:53","date_gmt":"2026-08-05T13:32:53","guid":{"rendered":"https:\/\/nublo.tv\/?p=1146"},"modified":"2026-08-27T12:35:25","modified_gmt":"2026-08-27T11:35:25","slug":"el-alcalde-de-guia-da-la-bienvenida-a-los-24-trabajadores-del-proyecto-ruralia-2026","status":"publish","type":"post","link":"https:\/\/nublo.tv\/index.php\/2026\/08\/05\/el-alcalde-de-guia-da-la-bienvenida-a-los-24-trabajadores-del-proyecto-ruralia-2026\/","title":{"rendered":"El alcalde de Gu\u00eda da la bienvenida a los 24 trabajadores del proyecto Ruralia 2026"},"content":{"rendered":"<p>\u25cf <strong>Una iniciativa destinada a la limpieza y acondicionamiento de caminos y v\u00edas p\u00fablicas durante los pr\u00f3ximos tres meses<\/strong><\/p>\n<p>Un total de 24 vecinos y vecinas del municipio se acaban de incorporar como trabajadores del proyecto Ruralia 2026, una iniciativa enmarcada dentro del Programa de Fomento del Empleo Agrario en Zonas Agrarias Deprimidas. La iniciativa cuenta con una subvenci\u00f3n de 114.540,55 euros financiada por el Servicio P\u00fablico de Empleo Estatal (SEPE).<\/p>\n<p>Durante los tres meses de duraci\u00f3n del convenio, el equipo de trabajadores, integrado por 19 mujeres y 5 hombres, realizar\u00e1n labores de limpieza y acondicionamiento de v\u00edas rurales, eliminaci\u00f3n de la vegetaci\u00f3n que afecta a carreteras, mejora de jardines y playas.<\/p>\n<p>El alcalde de Gu\u00eda y responsable del \u00e1rea de Empleo, Alfredo Gon\u00e7alves Ferreira, dio la bienvenida a los nuevos trabajadores y destac\u00f3 los criterios aplicados para la selecci\u00f3n del personal, destacando que \u00abla incorporaci\u00f3n o la reinserci\u00f3n al mundo laboral siempre es una prioridad en nuestra pol\u00edtica municipal, con especial atenci\u00f3n a aquellas personas que por distintos factores puedan tener m\u00e1s dificultades para acceder a un puesto de trabajo\u00bb, se\u00f1al\u00f3.<\/p>\n<p>En este sentido, el regidor explic\u00f3 que durante el proceso de selecci\u00f3n se ha priorizado favorecer la incorporaci\u00f3n de colectivos con mayores complicaciones de acceso al mercado de trabajo \u00abcomo sucede en el caso de las mujeres y en el de los parados de larga duraci\u00f3n, criterios que hemos tenido muy en cuenta para que puedan formar parte de este proyecto\u00bb, explic\u00f3. Gon\u00e7alves Ferreira les agradeci\u00f3 \u00abde antemano, el trabajo que van a realizar durante los pr\u00f3ximos meses y que es important\u00edsimo para mejorar la imagen de nuestro municipio, desde la costa hasta las median\u00edas, un resultado que, estoy seguro, podremos apreciar cuando este proyecto de Ruralia 2026 finalice el pr\u00f3ximo mes de octubre\u00bb, concluy\u00f3.<\/p>\n","protected":false},"excerpt":{"rendered":"<p>\u25cf Una iniciativa destinada a la limpieza y acondicionamiento de caminos y v\u00edas p\u00fablicas durante los pr\u00f3ximos tres meses Un total de 24 vecinos y vecinas del municipio se acaban&hellip;<\/p>\n","protected":false},"author":1,"featured_media":1147,"comment_status":"open","ping_status":"open","sticky":false,"template":"","format":"standard","meta":{"wpai_generated_summary":"","wpai_meta_description":"","footnotes":""},"categories":[138],"tags":[],"class_list":["post-1146","post","type-post","status-publish","format-standard","has-post-thumbnail","hentry","category-ayuntamiento-de-santa-maria-de-guia"],"_links":{"self":[{"href":"https:\/\/nublo.tv\/index.php\/wp-json\/wp\/v2\/posts\/1146","targetHints":{"allow":["GET"]}}],"collection":[{"href":"https:\/\/nublo.tv\/index.php\/wp-json\/wp\/v2\/posts"}],"about":[{"href":"https:\/\/nublo.tv\/index.php\/wp-json\/wp\/v2\/types\/post"}],"author":[{"embeddable":true,"href":"https:\/\/nublo.tv\/index.php\/wp-json\/wp\/v2\/users\/1"}],"replies":[{"embeddable":true,"href":"https:\/\/nublo.tv\/index.php\/wp-json\/wp\/v2\/comments?post=1146"}],"version-history":[{"count":1,"href":"https:\/\/nublo.tv\/index.php\/wp-json\/wp\/v2\/posts\/1146\/revisions"}],"predecessor-version":[{"id":1198,"href":"https:\/\/nublo.tv\/index.php\/wp-json\/wp\/v2\/posts\/1146\/revisions\/1198"}],"wp:featuredmedia":[{"embeddable":true,"href":"https:\/\/nublo.tv\/index.php\/wp-json\/wp\/v2\/media\/1147"}],"wp:attachment":[{"href":"https:\/\/nublo.tv\/index.php\/wp-json\/wp\/v2\/media?parent=1146"}],"wp:term":[{"taxonomy":"category","embeddable":true,"href":"https:\/\/nublo.tv\/index.php\/wp-json\/wp\/v2\/categories?post=1146"},{"taxonomy":"post_tag","embeddable":true,"href":"https:\/\/nublo.tv\/index.php\/wp-json\/wp\/v2\/tags?post=1146"}],"curies":[{"name":"wp","href":"https:\/\/api.w.org\/{rel}","templated":true}]}}