{"id":1148,"date":"2026-08-05T14:32:53","date_gmt":"2026-08-05T13:32:53","guid":{"rendered":"https:\/\/nublo.tv\/?p=1148"},"modified":"2026-08-27T12:35:25","modified_gmt":"2026-08-27T11:35:25","slug":"el-servicio-deportivo-gran-canaria-activa-descansa-del-17-al-30-de-agosto-por-vacaciones","status":"publish","type":"post","link":"https:\/\/nublo.tv\/index.php\/2026\/08\/05\/el-servicio-deportivo-gran-canaria-activa-descansa-del-17-al-30-de-agosto-por-vacaciones\/","title":{"rendered":"El servicio deportivo \u2018Gran Canaria Activa\u2019 descansa del 17 al 30 de agosto por vacaciones"},"content":{"rendered":"<div>\n<div><strong>Volver\u00e1 a partir de septiembre, en el parque Jos\u00e9 Hern\u00e1ndez en San Mat\u00edas los martes y jueves de 9:00 a 11:00 horas ; y en el parque Manuel Verona, en Barrio del Pino, los lunes y mi\u00e9rcoles de 17:00 a 19:00 horas . Es un servicio gratuito que facilita a la poblaci\u00f3n asesoramiento y orientaci\u00f3n de educadores f\u00edsico-deportivos, para realizar la actividad deportiva en espacios p\u00fablicos de forma saludable.<\/strong><\/div>\n<div><\/div>\n<div>El programa &#8216;Gran Canaria Activa&#8217; de asesoramiento deportivo en espacios p\u00fablicos de Teror, que se desarrolla en los parques Manuel Verona y\u00a0 Jos\u00e9 Hern\u00e1ndez, realizar\u00e1 del 17 al 30 de agosto una pausa por vacaciones. El 1 de septiembre se reanudar\u00e1 su actividad habitual, en el parque Jos\u00e9 Hern\u00e1ndez\u00a0 los martes y jueves de 9:00 a 11:00 horas, y en el parque Manuel Verona los lunes y mi\u00e9rcoles de 17:00 a 19:00 horas.<\/div>\n<div>\n<div class=\"x_x_x_elementToProof\" data-olk-copy-source=\"MessageBody\"><\/div>\n<div class=\"x_x_x_elementToProof\" aria-hidden=\"true\">El servicio gratuito que facilita a la poblaci\u00f3n asesoramiento y orientaci\u00f3n de educadores f\u00edsico-deportivos, para realizar la actividad deportiva en espacios p\u00fablicos de forma saludable, est\u00e1\u00a0 impulsado por el Instituto Insular de Deportes de Gran Canaria y el Colegio Oficial de Licenciados en Educaci\u00f3n F\u00edsica y en Ciencias de la Actividad F\u00edsica y del Deporte de Canarias (COLEFC), con la colaboraci\u00f3n de la Concejal\u00eda de Deportes del Ayuntamiento de Teror, que dirige el edil Mois\u00e9s Rodr\u00edguez<\/div>\n<div aria-hidden=\"true\"><\/div>\n<div class=\"x_x_x_elementToProof\" aria-hidden=\"true\">&#8216;Gran Canaria Activa&#8217; se puso en marcha en Teror en julio de 2024, con el objetivo principal de educar, motivar y asesorar en materia de actividad f\u00edsica y deportiva a la poblaci\u00f3n, inculcando as\u00ed la pr\u00e1ctica saludable del deporte en su d\u00eda a d\u00eda como h\u00e1bito de vida activa, reduciendo as\u00ed la incidencia de patolog\u00edas como la obesidad o la diabetes.<\/div>\n<\/div>\n<\/div>\n<div class=\"x_elementToProof\">\n<p>Para participar en este proyecto no es necesario inscripci\u00f3n previa ni l\u00edmite de edades. Los horarios y lugares en los que se imparte pueden consultarse en la p\u00e1gina web <a href=\"https:\/\/www.gcactiva.com\/.\"><span style=\"color: #0000ff\">https:\/\/www.gcactiva.com\/.<\/span><\/a><\/p>\n<p>El concejal de Deportes del Ayuntamiento de Teror, Mois\u00e9s Rodr\u00edguez, anima a la poblaci\u00f3n de Teror \u00aba hacer uso de este servicio gratuito, que permite contar con el asesoramiento de educadores f\u00edsico-deportivos especialistas que ayudar\u00e1n a la vecindad a mejorar su actividad f\u00edsica de manera\u00a0 supervisada, segura y saludable\u00bb.<\/p>\n<p><img loading=\"lazy\" decoding=\"async\" class=\"alignnone wp-image-76840 size-vp_md\" src=\"https:\/\/teror.es\/wp-content\/uploads\/2024\/09\/03_GC-ACTIVA-800x1132.png\" alt=\"\" width=\"777\" height=\"1099\" \/><\/p>\n<\/div>\n","protected":false},"excerpt":{"rendered":"<p>Volver\u00e1 a partir de septiembre, en el parque Jos\u00e9 Hern\u00e1ndez en San Mat\u00edas los martes y jueves de 9:00 a 11:00 horas ; y en el parque Manuel Verona, en&hellip;<\/p>\n","protected":false},"author":1,"featured_media":1149,"comment_status":"open","ping_status":"open","sticky":false,"template":"","format":"standard","meta":{"wpai_generated_summary":"","wpai_meta_description":"","footnotes":""},"categories":[141],"tags":[],"class_list":["post-1148","post","type-post","status-publish","format-standard","has-post-thumbnail","hentry","category-ayuntamiento-de-teror"],"_links":{"self":[{"href":"https:\/\/nublo.tv\/index.php\/wp-json\/wp\/v2\/posts\/1148","targetHints":{"allow":["GET"]}}],"collection":[{"href":"https:\/\/nublo.tv\/index.php\/wp-json\/wp\/v2\/posts"}],"about":[{"href":"https:\/\/nublo.tv\/index.php\/wp-json\/wp\/v2\/types\/post"}],"author":[{"embeddable":true,"href":"https:\/\/nublo.tv\/index.php\/wp-json\/wp\/v2\/users\/1"}],"replies":[{"embeddable":true,"href":"https:\/\/nublo.tv\/index.php\/wp-json\/wp\/v2\/comments?post=1148"}],"version-history":[{"count":1,"href":"https:\/\/nublo.tv\/index.php\/wp-json\/wp\/v2\/posts\/1148\/revisions"}],"predecessor-version":[{"id":1201,"href":"https:\/\/nublo.tv\/index.php\/wp-json\/wp\/v2\/posts\/1148\/revisions\/1201"}],"wp:featuredmedia":[{"embeddable":true,"href":"https:\/\/nublo.tv\/index.php\/wp-json\/wp\/v2\/media\/1149"}],"wp:attachment":[{"href":"https:\/\/nublo.tv\/index.php\/wp-json\/wp\/v2\/media?parent=1148"}],"wp:term":[{"taxonomy":"category","embeddable":true,"href":"https:\/\/nublo.tv\/index.php\/wp-json\/wp\/v2\/categories?post=1148"},{"taxonomy":"post_tag","embeddable":true,"href":"https:\/\/nublo.tv\/index.php\/wp-json\/wp\/v2\/tags?post=1148"}],"curies":[{"name":"wp","href":"https:\/\/api.w.org\/{rel}","templated":true}]}}