{"id":1150,"date":"2026-08-05T14:32:53","date_gmt":"2026-08-05T13:32:53","guid":{"rendered":"https:\/\/nublo.tv\/?p=1150"},"modified":"2026-08-27T12:35:25","modified_gmt":"2026-08-27T11:35:25","slug":"el-gobierno-de-canarias-amplia-el-plazo-para-solicitar-las-becas-universitarias","status":"publish","type":"post","link":"https:\/\/nublo.tv\/index.php\/2026\/08\/05\/el-gobierno-de-canarias-amplia-el-plazo-para-solicitar-las-becas-universitarias\/","title":{"rendered":"El Gobierno de Canarias ampl\u00eda el plazo para solicitar las becas universitarias"},"content":{"rendered":"<blockquote>\n<p>Las solicitudes correspondientes al curso 2026-2027 podr\u00e1n presentarse hasta el 16 de agosto<\/p>\n<\/blockquote>\n<p>La Consejer\u00eda de Universidades, Ciencia e Innovaci\u00f3n y Cultura establece diez d\u00edas naturales adicionales para la presentaci\u00f3n de solicitudes de la convocatoria de becas y ayudas para estudios de grado, m\u00e1ster y ense\u00f1anzas art\u00edsticas superiores en centros p\u00fablicos correspondiente al curso acad\u00e9mico 2026-2027.<\/p>\n<p>El periodo de solicitud comenz\u00f3 el pasado 7 de julio y su finalizaci\u00f3n estaba prevista inicialmente para el 6 de agosto. La nueva fecha facilita al estudiantado la realizaci\u00f3n del tr\u00e1mite durante el periodo estival.<\/p>\n<p>La convocatoria de este curso incorpora mejoras como el incremento hasta los 3.000 euros de la ayuda de residencia y la inclusi\u00f3n de las ense\u00f1anzas art\u00edsticas superiores p\u00fablicas. Adem\u00e1s, mantiene las ayudas vinculadas a la excelencia acad\u00e9mica y la segunda oportunidad, que permite acceder a la beca al alumnado que haya cambiado de titulaci\u00f3n.<\/p>\n<p>Las personas interesadas podr\u00e1n realizar el tr\u00e1mite a trav\u00e9s de la sede electr\u00f3nica del Gobierno de Canarias.<\/p>\n","protected":false},"excerpt":{"rendered":"<p>Las solicitudes correspondientes al curso 2026-2027 podr\u00e1n presentarse hasta el 16 de agosto La Consejer\u00eda de Universidades, Ciencia e Innovaci\u00f3n y Cultura establece diez d\u00edas naturales adicionales para la presentaci\u00f3n&hellip;<\/p>\n","protected":false},"author":1,"featured_media":1151,"comment_status":"open","ping_status":"open","sticky":false,"template":"","format":"standard","meta":{"wpai_generated_summary":"","wpai_meta_description":"","footnotes":""},"categories":[121],"tags":[],"class_list":["post-1150","post","type-post","status-publish","format-standard","has-post-thumbnail","hentry","category-noticias"],"_links":{"self":[{"href":"https:\/\/nublo.tv\/index.php\/wp-json\/wp\/v2\/posts\/1150","targetHints":{"allow":["GET"]}}],"collection":[{"href":"https:\/\/nublo.tv\/index.php\/wp-json\/wp\/v2\/posts"}],"about":[{"href":"https:\/\/nublo.tv\/index.php\/wp-json\/wp\/v2\/types\/post"}],"author":[{"embeddable":true,"href":"https:\/\/nublo.tv\/index.php\/wp-json\/wp\/v2\/users\/1"}],"replies":[{"embeddable":true,"href":"https:\/\/nublo.tv\/index.php\/wp-json\/wp\/v2\/comments?post=1150"}],"version-history":[{"count":1,"href":"https:\/\/nublo.tv\/index.php\/wp-json\/wp\/v2\/posts\/1150\/revisions"}],"predecessor-version":[{"id":1210,"href":"https:\/\/nublo.tv\/index.php\/wp-json\/wp\/v2\/posts\/1150\/revisions\/1210"}],"wp:featuredmedia":[{"embeddable":true,"href":"https:\/\/nublo.tv\/index.php\/wp-json\/wp\/v2\/media\/1151"}],"wp:attachment":[{"href":"https:\/\/nublo.tv\/index.php\/wp-json\/wp\/v2\/media?parent=1150"}],"wp:term":[{"taxonomy":"category","embeddable":true,"href":"https:\/\/nublo.tv\/index.php\/wp-json\/wp\/v2\/categories?post=1150"},{"taxonomy":"post_tag","embeddable":true,"href":"https:\/\/nublo.tv\/index.php\/wp-json\/wp\/v2\/tags?post=1150"}],"curies":[{"name":"wp","href":"https:\/\/api.w.org\/{rel}","templated":true}]}}