{"id":11563,"date":"2026-08-27T14:50:35","date_gmt":"2026-08-27T13:50:35","guid":{"rendered":"https:\/\/nublo.tv\/?p=11563"},"modified":"2026-08-27T14:50:35","modified_gmt":"2026-08-27T13:50:35","slug":"la-calle-marmolejos-de-galdar-permanecera-cortada-al-trafico-este-viernes-por-obras-en-el-alumbrado","status":"publish","type":"post","link":"https:\/\/nublo.tv\/index.php\/2026\/08\/27\/la-calle-marmolejos-de-galdar-permanecera-cortada-al-trafico-este-viernes-por-obras-en-el-alumbrado\/","title":{"rendered":"La calle Marmolejos de G\u00e1ldar permanecer\u00e1 cortada al tr\u00e1fico este viernes por obras en el alumbrado"},"content":{"rendered":"<p><strong>El Ayuntamiento de G\u00e1ldar ha programado un corte de tr\u00e1fico y la limitaci\u00f3n de acceso en la calle Marmolejos para este viernes, 28 de agosto, entre las 09:00 y las 12:00 horas, con el fin de realizar labores de saneamiento en el trenzado del alumbrado p\u00fablico.<\/strong><\/p>\n<h3>Motivos de la intervenci\u00f3n<\/h3>\n<p>La actuaci\u00f3n se debe a una sobretensi\u00f3n ocasionada por la empresa Endesa en el barrio de Marmolejos. Los trabajos de reparaci\u00f3n se llevar\u00e1n a cabo espec\u00edficamente a la altura de los n\u00fameros 81 y 95 de la citada v\u00eda.<\/p>\n<p>El concejal de Alumbrado P\u00fablico, Cristian Perdomo, ha comunicado el desarrollo de estas tareas y ha solicitado disculpas por los inconvenientes que puedan derivarse de las mismas, agradeciendo de antemano la colaboraci\u00f3n y comprensi\u00f3n de los vecinos.<\/p>\n<p>El Ayuntamiento recuerda que los ciudadanos pueden comunicar incidencias o aver\u00edas relacionadas con el alumbrado p\u00fablico a trav\u00e9s del n\u00famero de tel\u00e9fono 648 763 502.<\/p>\n","protected":false},"excerpt":{"rendered":"<p>El Ayuntamiento de G\u00e1ldar informa de que este viernes 28 de agosto, entre las 09:00 y las 12:00 horas, se proceder\u00e1 al corte del tr\u00e1fico y a la limitaci\u00f3n del&hellip;<\/p>\n","protected":false},"author":1,"featured_media":11765,"comment_status":"open","ping_status":"open","sticky":false,"template":"","format":"standard","meta":{"wpai_generated_summary":"","wpai_meta_description":"","footnotes":""},"categories":[129],"tags":[],"class_list":["post-11563","post","type-post","status-publish","format-standard","has-post-thumbnail","hentry","category-ayuntamiento-de-galdar"],"_links":{"self":[{"href":"https:\/\/nublo.tv\/index.php\/wp-json\/wp\/v2\/posts\/11563","targetHints":{"allow":["GET"]}}],"collection":[{"href":"https:\/\/nublo.tv\/index.php\/wp-json\/wp\/v2\/posts"}],"about":[{"href":"https:\/\/nublo.tv\/index.php\/wp-json\/wp\/v2\/types\/post"}],"author":[{"embeddable":true,"href":"https:\/\/nublo.tv\/index.php\/wp-json\/wp\/v2\/users\/1"}],"replies":[{"embeddable":true,"href":"https:\/\/nublo.tv\/index.php\/wp-json\/wp\/v2\/comments?post=11563"}],"version-history":[{"count":3,"href":"https:\/\/nublo.tv\/index.php\/wp-json\/wp\/v2\/posts\/11563\/revisions"}],"predecessor-version":[{"id":11766,"href":"https:\/\/nublo.tv\/index.php\/wp-json\/wp\/v2\/posts\/11563\/revisions\/11766"}],"wp:featuredmedia":[{"embeddable":true,"href":"https:\/\/nublo.tv\/index.php\/wp-json\/wp\/v2\/media\/11765"}],"wp:attachment":[{"href":"https:\/\/nublo.tv\/index.php\/wp-json\/wp\/v2\/media?parent=11563"}],"wp:term":[{"taxonomy":"category","embeddable":true,"href":"https:\/\/nublo.tv\/index.php\/wp-json\/wp\/v2\/categories?post=11563"},{"taxonomy":"post_tag","embeddable":true,"href":"https:\/\/nublo.tv\/index.php\/wp-json\/wp\/v2\/tags?post=11563"}],"curies":[{"name":"wp","href":"https:\/\/api.w.org\/{rel}","templated":true}]}}