{"id":1158,"date":"2026-08-05T14:32:52","date_gmt":"2026-08-05T13:32:52","guid":{"rendered":"https:\/\/nublo.tv\/?p=1158"},"modified":"2026-08-27T12:35:25","modified_gmt":"2026-08-27T11:35:25","slug":"el-ayuntamiento-abre-las-inscripciones-para-una-nueva-edicion-del-festival-mareas-vivas","status":"publish","type":"post","link":"https:\/\/nublo.tv\/index.php\/2026\/08\/05\/el-ayuntamiento-abre-las-inscripciones-para-una-nueva-edicion-del-festival-mareas-vivas\/","title":{"rendered":"El Ayuntamiento abre las inscripciones para una nueva edici\u00f3n del festival Mareas Vivas."},"content":{"rendered":"<p class=\"wp-block-paragraph\"><strong>El evento se celebrar\u00e1 el 4 de septiembre en el Parque Urbano de Arinaga con campeonatos, talleres y actuaciones musicales.\u00a0\u00a0<\/strong>\u00a0\u00a0\u00a0\u00a0\u00a0<\/p>\n<p class=\"wp-block-paragraph\">El Ayuntamiento de Ag\u00fcimes abre desde este mi\u00e9rcoles, 5 de agosto, el per\u00edodo de inscripciones para una nueva edici\u00f3n de Mareas Vivas, el festival gratuito dirigido a j\u00f3venes de entre 14 y 30 a\u00f1os que se celebrar\u00e1 el pr\u00f3ximo 4 de septiembre, de 16:00 a 22:00, en el Parque Urbano de Arinaga. La cita ofrecer\u00e1 competiciones, talleres participativos, exhibiciones, actividades de ocio y actuaciones musicales.<\/p>\n<p class=\"wp-block-paragraph\">La programaci\u00f3n incluye los campeonatos de calistenia y una batalla de promesas, una exhibici\u00f3n de skate, un circuito de pedal car, zona gamer, simulador de rally, fotomat\u00f3n, stand del Espacio Joven, bola canaria, as\u00ed como talleres de pintura expr\u00e9s y de decoraci\u00f3n de macetas. El festival contar\u00e1 adem\u00e1s con la actuaci\u00f3n de j\u00f3venes talentos de la m\u00fasica, ofreciendo una completa jornada de convivencia, creatividad y deporte.<\/p>\n<p class=\"wp-block-paragraph\">Las personas interesadas en participar en los talleres deber\u00e1n formalizar su inscripci\u00f3n registr\u00e1ndose en la plataforma <a href=\"https:\/\/eventos.aguimes.es\">https:\/\/eventos.aguimes.es<\/a>. Por su parte, quienes deseen competir en el campeonato de calistenia deber\u00e1n inscribirse a trav\u00e9s del formulario espec\u00edfico habilitado en Google: <a href=\"https:\/\/goo.su\/CTaUrid\">https:\/\/goo.su\/CTaUrid.<\/a><\/p>\n<p class=\"wp-block-paragraph\">Para obtener m\u00e1s informaci\u00f3n, las personas interesadas pueden contactar con el Ayuntamiento de Ag\u00fcimes llamando al 928 78 99 80 (extensiones 2324, 2323 o 2321), de lunes a viernes, en horario de 9:00 a 14:30, o con el Espacio Joven, en el tel\u00e9fono 928 18 96 56, de 16:00 a 20:00. Tambi\u00e9n pueden realizar consultas a trav\u00e9s del correo electr\u00f3nico <a href=\"mailto:juventud@aguimes.es\">juventud@aguimes.es<\/a> o seguir toda la actualidad del evento en las redes sociales de Juventud Ag\u00fcimes en Facebook e Instagram.<\/p>\n<figure class=\"wp-block-gallery has-nested-images columns-default is-cropped wp-block-gallery-1 is-layout-flex wp-block-gallery-is-layout-flex\">\n<figure class=\"wp-block-image size-large\"><img loading=\"lazy\" decoding=\"async\" width=\"1024\" height=\"1024\" data-id=\"82254\" src=\"https:\/\/aguimes.es\/wp-content\/uploads\/2026\/08\/MAREAS-VIVAS-2026-2-1024x1024.jpg\" alt=\"\" class=\"wp-image-82254\" \/><\/figure>\n<figure class=\"wp-block-image size-large\"><img loading=\"lazy\" decoding=\"async\" width=\"843\" height=\"844\" data-id=\"82253\" src=\"https:\/\/aguimes.es\/wp-content\/uploads\/2026\/08\/Mareas-vivas-programa.png\" alt=\"\" class=\"wp-image-82253\" \/><\/figure>\n<\/figure>\n<p class=\"wp-block-paragraph\">\n<p>The post <a href=\"https:\/\/aguimes.es\/el-ayuntamiento-abre-las-inscripciones-para-una-nueva-edicion-del-festival-mareas-vivas\/\">El Ayuntamiento abre las inscripciones para una nueva edici\u00f3n del festival Mareas Vivas.<\/a> appeared first on <a href=\"https:\/\/aguimes.es\"><\/a>.<\/p>\n","protected":false},"excerpt":{"rendered":"<p>El evento se celebrar\u00e1 el 4 de septiembre en el Parque Urbano de Arinaga con campeonatos, talleres y actuaciones musicales.\u00a0\u00a0\u00a0\u00a0\u00a0\u00a0\u00a0 El Ayuntamiento de Ag\u00fcimes abre desde este mi\u00e9rcoles, 5 de&hellip;<\/p>\n","protected":false},"author":1,"featured_media":1159,"comment_status":"open","ping_status":"open","sticky":false,"template":"","format":"standard","meta":{"wpai_generated_summary":"","wpai_meta_description":"","footnotes":""},"categories":[125],"tags":[],"class_list":["post-1158","post","type-post","status-publish","format-standard","has-post-thumbnail","hentry","category-ayuntamiento-de-aguimes"],"_links":{"self":[{"href":"https:\/\/nublo.tv\/index.php\/wp-json\/wp\/v2\/posts\/1158","targetHints":{"allow":["GET"]}}],"collection":[{"href":"https:\/\/nublo.tv\/index.php\/wp-json\/wp\/v2\/posts"}],"about":[{"href":"https:\/\/nublo.tv\/index.php\/wp-json\/wp\/v2\/types\/post"}],"author":[{"embeddable":true,"href":"https:\/\/nublo.tv\/index.php\/wp-json\/wp\/v2\/users\/1"}],"replies":[{"embeddable":true,"href":"https:\/\/nublo.tv\/index.php\/wp-json\/wp\/v2\/comments?post=1158"}],"version-history":[{"count":1,"href":"https:\/\/nublo.tv\/index.php\/wp-json\/wp\/v2\/posts\/1158\/revisions"}],"predecessor-version":[{"id":1188,"href":"https:\/\/nublo.tv\/index.php\/wp-json\/wp\/v2\/posts\/1158\/revisions\/1188"}],"wp:featuredmedia":[{"embeddable":true,"href":"https:\/\/nublo.tv\/index.php\/wp-json\/wp\/v2\/media\/1159"}],"wp:attachment":[{"href":"https:\/\/nublo.tv\/index.php\/wp-json\/wp\/v2\/media?parent=1158"}],"wp:term":[{"taxonomy":"category","embeddable":true,"href":"https:\/\/nublo.tv\/index.php\/wp-json\/wp\/v2\/categories?post=1158"},{"taxonomy":"post_tag","embeddable":true,"href":"https:\/\/nublo.tv\/index.php\/wp-json\/wp\/v2\/tags?post=1158"}],"curies":[{"name":"wp","href":"https:\/\/api.w.org\/{rel}","templated":true}]}}