{"id":11585,"date":"2026-08-27T14:50:39","date_gmt":"2026-08-27T13:50:39","guid":{"rendered":"https:\/\/nublo.tv\/?p=11585"},"modified":"2026-08-27T14:50:39","modified_gmt":"2026-08-27T13:50:39","slug":"la-aldea-de-san-nicolas-rinde-homenaje-a-silverio-garcia-tito-con-un-papahuevo","status":"publish","type":"post","link":"https:\/\/nublo.tv\/index.php\/2026\/08\/27\/la-aldea-de-san-nicolas-rinde-homenaje-a-silverio-garcia-tito-con-un-papahuevo\/","title":{"rendered":"La Aldea de San Nicol\u00e1s rinde homenaje a Silverio Garc\u00eda \u2018Tito\u2019 con un papahuevo"},"content":{"rendered":"<p><strong>El Ayuntamiento de La Aldea de San Nicol\u00e1s present\u00f3 anoche, durante la final del Concurso Cultural 2026, un papahuevo en honor a Silverio Garc\u00eda Mat\u00edas, conocido como \u2018Tito\u2019, como acto de reconocimiento a su figura.<\/strong><\/p>\n<p>El homenaje se celebr\u00f3 en un a\u00f1o en el que el municipio conmemora el 125 aniversario de la primera constancia escrita de la Bajada de la Rama. Durante el evento, se record\u00f3 la trayectoria de \u2018Tito\u2019, definido como una persona cercana y con disposici\u00f3n constante a compartir momentos con vecinos de todas las edades. Para perpetuar su legado, el consistorio ha decidido representar su figura mediante este nuevo elemento del folclore local.<\/p>\n<h3>Un tributo a la memoria colectiva<\/h3>\n<p>El acto se integr\u00f3 en la gala de la final del Concurso Cultural 2026, certamen destinado a mostrar el talento y los conocimientos de los participantes y a fomentar el tejido sociocultural del municipio.<\/p>\n<p>El concejal de Cultura, V\u00edctor Juan Hern\u00e1ndez, se\u00f1al\u00f3 durante el reconocimiento que el homenaje busca tributar a un vecino que dej\u00f3 huella por su alegr\u00eda y esp\u00edritu participativo. Asimismo, Hern\u00e1ndez a\u00f1adi\u00f3 que mantener viva la figura de \u2018Tito\u2019 a trav\u00e9s del papahuevo permite conservar la esencia humana del municipio, recordando sus canciones y su forma de interactuar con la comunidad.<\/p>\n<p>Por su parte, el Ayuntamiento de La Aldea de San Nicol\u00e1s traslad\u00f3 su reconocimiento a los familiares y allegados de Silverio Garc\u00eda Mat\u00edas, reafirmando que personas como \u00e9l forman parte de la identidad cultural del municipio.<\/p>\n","protected":false},"excerpt":{"rendered":"<p>El Ayuntamiento de La Aldea de San Nicol\u00e1s acogi\u00f3 en la noche de ayer un emotivo acto de reconocimiento a Silverio Garc\u00eda Mat\u00edas, conocido cari\u00f1osamente como \u2018Tito\u2019, una persona entra\u00f1able&hellip;<\/p>\n","protected":false},"author":1,"featured_media":11761,"comment_status":"open","ping_status":"open","sticky":false,"template":"","format":"standard","meta":{"wpai_generated_summary":"","wpai_meta_description":"","footnotes":""},"categories":[131],"tags":[],"class_list":["post-11585","post","type-post","status-publish","format-standard","has-post-thumbnail","hentry","category-ayuntamiento-de-la-aldea-de-san-nicolas"],"_links":{"self":[{"href":"https:\/\/nublo.tv\/index.php\/wp-json\/wp\/v2\/posts\/11585","targetHints":{"allow":["GET"]}}],"collection":[{"href":"https:\/\/nublo.tv\/index.php\/wp-json\/wp\/v2\/posts"}],"about":[{"href":"https:\/\/nublo.tv\/index.php\/wp-json\/wp\/v2\/types\/post"}],"author":[{"embeddable":true,"href":"https:\/\/nublo.tv\/index.php\/wp-json\/wp\/v2\/users\/1"}],"replies":[{"embeddable":true,"href":"https:\/\/nublo.tv\/index.php\/wp-json\/wp\/v2\/comments?post=11585"}],"version-history":[{"count":3,"href":"https:\/\/nublo.tv\/index.php\/wp-json\/wp\/v2\/posts\/11585\/revisions"}],"predecessor-version":[{"id":11767,"href":"https:\/\/nublo.tv\/index.php\/wp-json\/wp\/v2\/posts\/11585\/revisions\/11767"}],"wp:featuredmedia":[{"embeddable":true,"href":"https:\/\/nublo.tv\/index.php\/wp-json\/wp\/v2\/media\/11761"}],"wp:attachment":[{"href":"https:\/\/nublo.tv\/index.php\/wp-json\/wp\/v2\/media?parent=11585"}],"wp:term":[{"taxonomy":"category","embeddable":true,"href":"https:\/\/nublo.tv\/index.php\/wp-json\/wp\/v2\/categories?post=11585"},{"taxonomy":"post_tag","embeddable":true,"href":"https:\/\/nublo.tv\/index.php\/wp-json\/wp\/v2\/tags?post=11585"}],"curies":[{"name":"wp","href":"https:\/\/api.w.org\/{rel}","templated":true}]}}