{"id":116,"date":"2026-08-04T17:37:06","date_gmt":"2026-08-04T16:37:06","guid":{"rendered":"https:\/\/nublo.tv\/?p=116"},"modified":"2026-08-04T17:37:06","modified_gmt":"2026-08-04T16:37:06","slug":"ingenio-se-llena-de-plenas-polkas-sevillanas-y-sirtakis","status":"publish","type":"post","link":"https:\/\/nublo.tv\/index.php\/2026\/08\/04\/ingenio-se-llena-de-plenas-polkas-sevillanas-y-sirtakis\/","title":{"rendered":"Ingenio se llena de plenas, polkas, sevillanas y sirtakis"},"content":{"rendered":"<p class=\"x_MsoNormal\"><b><span lang=\"ES-TRAD\"><u><\/u>\u00a0<u><\/u><\/span><\/b><b><span lang=\"ES-TRAD\">23\/7\/2026.-\u00a0<\/span><\/b><span lang=\"ES-TRAD\">Ingenio vibr\u00f3 en la tarde noche de ayer mi\u00e9rcoles, d\u00eda 22, con el primero de los pasacalles previstos en el programa de su 31\u00ba edici\u00f3n del Festival Internacional de Folclore \u2018Muestra Solidaria de los Pueblos\u2019. Todas las delegaciones de los cuatro continentes del mundo invitados desfilaron desde La Cantonera hasta la Plaza de la Candelaria, mostrando sus danzas tradicionales y su folclore durante el recorrido desarrollado en el transcurso de una hora y media que estuvo animado por numeroso p\u00fablico que sigui\u00f3 el acto festivo desde las aceras de la Calle Ram\u00f3n y Cajal, ventanas, escalinatas y balcones de viviendas.<u><\/u><u><\/u><\/span><\/p>\n<p class=\"x_MsoNormal\"><span lang=\"ES-TRAD\">El tiempo de 24\u00ba grados de temperatura y un ligero aire tibio que sopl\u00f3 ya finalizando el pasacalle, ayudaron a que el p\u00fablico acompa\u00f1ara a lo largo del recorrido a los distintos grupos que desfilaron precedidos por los compases de los miembros de la Banda de la Sociedad Musical Villa de Ingenio, a la que sigui\u00f3 la delegaci\u00f3n Kuo-Shin Chuang Pangcah de Taiw\u00e1n, la Agrupaci\u00f3n Coros y Danzas de Ingenio, el grupo Husher de Armenia, la Agrupaci\u00f3n Tacoremi, Coros y Danzas de Ronda, el grupo Las Mahoreras, la formaci\u00f3n Anolaki d Grecia, la Agrupaci\u00f3n Folcl\u00f3rica Guayadeque, G\u00edbaro de Puerto Rico, Amigos de Carrizal 7 Islas, Ravitzie de Bulgaria y el grupo Mien Moh de Costa de Marfil.<u><\/u><u><\/u><\/span><\/p>\n<p class=\"x_MsoNormal\"><span lang=\"ES-TRAD\">Llamaron la atenci\u00f3n la sincopada pulcritud de las danzas taiwanesas que los hombres bailaron con los torsos desnudos y las mujeres con unos vestidos rojos en los que predominaba el uso de un peque\u00f1o bolso que emplean durante las fiestas que celebran la cosecha. Las bailarinas del grupo armenio Husher jugaron con sus esbeltos brazos movi\u00e9ndolos elegantemente mientras bailaban su popular yarkhushta o el kochar al ritmo del duduk, una peque\u00f1a flauta, y dos tambores.<u><\/u><u><\/u><\/span><\/p>\n<p class=\"x_MsoNormal\"><span lang=\"ES-TRAD\">Coros y Danzas de Ingenio fue la representaci\u00f3n m\u00e1s nutrida, cuya comitiva la abr\u00edan los ni\u00f1os y ni\u00f1as de su secci\u00f3n infantil, a modo de muestra del importante trabajo de transmisi\u00f3n y difusi\u00f3n del patrimonio musical de Canarias que desde hace m\u00e1s de siete d\u00e9cadas desarrolla entre las generaciones m\u00e1s j\u00f3venes.\u00a0\u00a0<u><\/u><u><\/u><\/span><\/p>\n<p class=\"x_MsoNormal\"><span lang=\"ES-TRAD\">Las mujeres del grupo malague\u00f1o de Coros y Danzas de Ronda desfilaron luciendo el traje t\u00edpico de faralaes de varios colores, pa\u00f1oleta sobre los hombros y peineta, mientras que los hombres vest\u00edan con el traje campero. Los ronde\u00f1os animaron el recorrido con el cante y baile folcl\u00f3rico m\u00e1s popular de Andaluc\u00eda, las sevillanas.<u><\/u><u><\/u><\/span><\/p>\n<p class=\"x_MsoNormal\"><span lang=\"ES-TRAD\">El grupo Alonaki de Grecia mostr\u00f3 algunas de sus danzas tradicionales como el hasapiko y el sirtaki, quiz\u00e1s la m\u00e1s popular del pa\u00eds.<\/span><span lang=\"ES-TRAD\">\u00a0<\/span><span lang=\"ES-TRAD\">Sus miembros luc\u00edan vestimentas tradicionales muy llamativas repletas de detalles dorados que reflejan la historia y la esencia del Mediterr\u00e1neo. Tras la representaci\u00f3n helena desfil\u00f3 en el pasacalle multicolor el grupo G\u00edbaro de Puerto Rico, ofreciendo al p\u00fablico la plena boricua, el g\u00e9nero musical y quiz\u00e1s m\u00e1s bailable aut\u00f3ctono de Puerto Rico, aunque fusiona ra\u00edces africanas, espa\u00f1olas y ta\u00ednas.<u><\/u><u><\/u><\/span><\/p>\n<p class=\"x_MsoNormal\"><span lang=\"ES-TRAD\">El grupo de Bulgaria Razvitie se empe\u00f1\u00f3 con sus alegres danzas cortas a animar al p\u00fablico presente durante el paseo. El horo, una especie de baile que se practica en c\u00edrculo, los zapateados r\u00e1pidos y su rica indumentaria, caracterizaron su paso al comp\u00e1s de la gajda y el tupan, dos instrumentos empleados en su folclore. Los hombres llevaban en su cabeza un sombrero c\u00f3nico y chaleco bordado, mientras que las mujeres vist\u00edan un traje con incrustaciones doradas que se repiten en su torso y una diadema de flores en su cabeza.<u><\/u><u><\/u><\/span><\/p>\n<p class=\"x_MsoNormal\"><span lang=\"ES-TRAD\">A las 22:00 horas concluy\u00f3 el pasacalle que se inici\u00f3 puntualmente a las 20:30 horas ante el frontis del edificio del Centro Cultural Federico Garc\u00eda Lorca, con la representaci\u00f3n Mien Moh de Costa de Marfil. Sus componentes bailaron descalzos durante todo el recorrido mostrando<\/span><span lang=\"ES-TRAD\">\u00a0<\/span><span lang=\"ES-TRAD\">una gran destreza f\u00edsica con sus brincos y movimientos \u00e1giles y en\u00e9rgicos, al ritmo siempre de los tambores, entre los que sobresali\u00f3 el doum tradicional.<u><\/u><u><\/u><\/span><\/p>\n<p class=\"x_MsoNormal\"><span lang=\"ES-TRAD\">Los grupos fueron desfilando por la calle Ram\u00f3n y Cajal para concluir el recorrido delante de la sede del ayuntamiento de Ingenio, en donde ofrecieron al p\u00fablico una breve muestra de su arte. Seguidamente, sobre el escenario de la Plaza de la Candelaria, desplegaron unas actuaciones m\u00e1s completas ante una audiencia entregada y entusiasmada con los ritmos y las danzas populares de cada uno de los pa\u00edses invitados a la 31\u00ba edici\u00f3n de este festival, que se prepara ya para celebrar su pr\u00f3xima clausura, el s\u00e1bado, d\u00eda 25 de julio, a partir de las 21:00 horas, en el Parque N\u00e9stor \u00c1lamo de Ingenio.<u><\/u><u><\/u><\/span><\/p>\n<p class=\"x_MsoNormal\"><span lang=\"ES-TRAD\">El pasacalle del casco de Ingenio volver\u00e1 a repetirse hoy jueves, d\u00eda 23 de julio, en Carrizal, en donde a partir de las 20:30 horas, partir\u00e1 desde El Toril para concluir en la Plaza del Buen Suceso.<\/span><\/p>\n","protected":false},"excerpt":{"rendered":"<p>\u00a023\/7\/2026.-\u00a0Ingenio vibr\u00f3 en la tarde noche de ayer mi\u00e9rcoles, d\u00eda 22, con el primero de los pasacalles previstos en el programa de su 31\u00ba edici\u00f3n del Festival Internacional de Folclore&hellip;<\/p>\n","protected":false},"author":14,"featured_media":117,"comment_status":"open","ping_status":"open","sticky":false,"template":"","format":"standard","meta":{"wpai_generated_summary":"","wpai_meta_description":"","footnotes":""},"categories":[130],"tags":[],"class_list":["post-116","post","type-post","status-publish","format-standard","has-post-thumbnail","hentry","category-ayuntamiento-de-ingenio"],"_links":{"self":[{"href":"https:\/\/nublo.tv\/index.php\/wp-json\/wp\/v2\/posts\/116","targetHints":{"allow":["GET"]}}],"collection":[{"href":"https:\/\/nublo.tv\/index.php\/wp-json\/wp\/v2\/posts"}],"about":[{"href":"https:\/\/nublo.tv\/index.php\/wp-json\/wp\/v2\/types\/post"}],"author":[{"embeddable":true,"href":"https:\/\/nublo.tv\/index.php\/wp-json\/wp\/v2\/users\/14"}],"replies":[{"embeddable":true,"href":"https:\/\/nublo.tv\/index.php\/wp-json\/wp\/v2\/comments?post=116"}],"version-history":[{"count":1,"href":"https:\/\/nublo.tv\/index.php\/wp-json\/wp\/v2\/posts\/116\/revisions"}],"predecessor-version":[{"id":586,"href":"https:\/\/nublo.tv\/index.php\/wp-json\/wp\/v2\/posts\/116\/revisions\/586"}],"wp:featuredmedia":[{"embeddable":true,"href":"https:\/\/nublo.tv\/index.php\/wp-json\/wp\/v2\/media\/117"}],"wp:attachment":[{"href":"https:\/\/nublo.tv\/index.php\/wp-json\/wp\/v2\/media?parent=116"}],"wp:term":[{"taxonomy":"category","embeddable":true,"href":"https:\/\/nublo.tv\/index.php\/wp-json\/wp\/v2\/categories?post=116"},{"taxonomy":"post_tag","embeddable":true,"href":"https:\/\/nublo.tv\/index.php\/wp-json\/wp\/v2\/tags?post=116"}],"curies":[{"name":"wp","href":"https:\/\/api.w.org\/{rel}","templated":true}]}}