{"id":11645,"date":"2026-08-27T14:50:53","date_gmt":"2026-08-27T13:50:53","guid":{"rendered":"https:\/\/nublo.tv\/?p=11645"},"modified":"2026-08-27T14:50:53","modified_gmt":"2026-08-27T13:50:53","slug":"el-dispositivo-de-seguridad-para-la-fiesta-del-pino-2026-contara-con-mas-de-600-efectivos","status":"publish","type":"post","link":"https:\/\/nublo.tv\/index.php\/2026\/08\/27\/el-dispositivo-de-seguridad-para-la-fiesta-del-pino-2026-contara-con-mas-de-600-efectivos\/","title":{"rendered":"El dispositivo de seguridad para la Fiesta del Pino 2026 contar\u00e1 con m\u00e1s de 600 efectivos"},"content":{"rendered":"<p><strong>M\u00e1s de 600 efectivos integrar\u00e1n el dispositivo de seguridad, emergencias, sanidad y transporte con motivo de la celebraci\u00f3n de la Fiesta del Pino 2026 en Teror, seg\u00fan se expuso durante la reuni\u00f3n de coordinaci\u00f3n celebrada este jueves 27 de agosto en la Casa Consistorial.<\/strong><\/p>\n<p>El encuentro, presidido por el alcalde de Teror, Jos\u00e9 Agust\u00edn Arencibia, cont\u00f3 con la participaci\u00f3n de medio centenar de representantes de diversos cuerpos y entidades, entre ellos Guardia Civil, Polic\u00eda Local, Polic\u00eda Nacional, Polic\u00eda Canaria, la Direcci\u00f3n General de Emergencias del Gobierno de Canarias, el C.E.C.O.E.S. \u2013 112, Protecci\u00f3n Civil, Guaguas Global, la Bas\u00edlica del Pino, el Servicio de Urgencias Canario, Provital, el Consorcio de Emergencias, Cansegur, la unidad de drones de la Polic\u00eda de Telde, Pirotecnia El Pilar, la Red Radio de Emergencias (Remer), la Asociaci\u00f3n de Seguridad Vial y t\u00e9cnicos del Cabildo de Gran Canaria y el Ayuntamiento de Teror.<img decoding=\"async\" class=\"nublo-source-img-btn nublo-info-img\" title=\"Usar como portada\" src=\"https:\/\/teror.es\/wp-content\/uploads\/2026\/08\/27A_REUNION-PLANSEGURIDAD-ELPINO4.jpeg\" data-postid=\"11645\" data-url=\"https:\/\/teror.es\/wp-content\/uploads\/2026\/08\/27A_REUNION-PLANSEGURIDAD-ELPINO4.jpeg\" data-nublo-info-wired=\"1\" \/><\/p>\n<h3>Dispositivo operativo y vigilancia<\/h3>\n<p>El plan, dirigido por C\u00e9sar Garc\u00eda (Provital), contempla una vigilancia a\u00e9rea mediante drones los d\u00edas 4, 7 y 8 de septiembre sobre los senderos que conducen a Teror, con el fin de prevenir incendios forestales y realizar labores de disuasi\u00f3n. La unidad de drones de la Polic\u00eda Local de Telde dispone de c\u00e1maras de alta definici\u00f3n, visi\u00f3n t\u00e9rmica, altavoz y sirena.<\/p>\n<p>Respecto a la movilidad, el acceso al casco de Teror permanecer\u00e1 cerrado al tr\u00e1fico el 7 de septiembre desde las 17:00 horas hasta las 05:00 horas del d\u00eda 8. En ese periodo se realizar\u00e1n controles de vidrio en los accesos para prohibir el paso de objetos peligrosos. Asimismo, se establecen restricciones y sentidos \u00fanicos en las v\u00edas GC-21, GC-43, GC-219 y GC-432 durante los d\u00edas 7, 8 y 13 de septiembre. La circulaci\u00f3n de bicicletas en la GC-21, entre Tamaraceite y Teror, estar\u00e1 prohibida desde las 11:00 horas del 7 de septiembre hasta las 15:00 horas del 8 de septiembre.<\/p>\n<p>Se establecer\u00e1n ocho puntos de control de seguridad y vigilancia en las v\u00edas de acceso y salida al municipio entre el 7 y el 8 de septiembre, as\u00ed como el d\u00eda 11 de septiembre. Ante la limitaci\u00f3n de aparcamientos, se recomienda el uso del transporte p\u00fablico, para lo cual la compa\u00f1\u00eda Global reforzar\u00e1 sus servicios en las fechas clave.<\/p>\n<p><img decoding=\"async\" class=\"nublo-source-img-btn nublo-info-img\" title=\"Usar como portada\" src=\"https:\/\/teror.es\/wp-content\/uploads\/2026\/08\/27A_REUNION-PLANSEGURIDAD-ELPINO5-500x333.jpeg\" data-postid=\"11645\" data-url=\"https:\/\/teror.es\/wp-content\/uploads\/2026\/08\/27A_REUNION-PLANSEGURIDAD-ELPINO5-500x333.jpeg\" data-nublo-info-wired=\"1\" \/><\/p>\n<h3>Asistencia sanitaria y puntos de apoyo<\/h3>\n<p>Para la atenci\u00f3n de urgencias se instalar\u00e1 un \u00abhospitalito\u00bb en el patio de las Oficinas Municipales durante las jornadas del 7 y 8 de septiembre. Este espacio contar\u00e1 con una zona reservada para menores, gestionada por el Grupo de Menores del Cuerpo General de la Polic\u00eda Canaria. Igualmente, se activar\u00e1 un Punto Violeta en el casco urbano para la sensibilizaci\u00f3n y prevenci\u00f3n de la violencia de g\u00e9nero, el cual estar\u00e1 disponible en eventos dirigidos a la juventud y durante la Romer\u00eda Ofrenda.<\/p>\n<p>Finalmente, se pondr\u00e1 en marcha la campa\u00f1a \u2018Camino seguro al Pino\u2019 en redes sociales con recomendaciones de seguridad personal y vial. Esta iniciativa se suma a la campa\u00f1a \u2018Si pa\u2019l Pino vas de peregrino, vete con tino\u2019, promovida por el Cabildo de Gran Canaria y la Asociaci\u00f3n Internacional de Profesionales para la Seguridad Vial (Aipsev), que incluye el reparto de material reflectante para los peregrinos.<\/p>\n","protected":false},"excerpt":{"rendered":"<p>Este jueves se ha celebrado la \u00faltima reuni\u00f3n de organizaci\u00f3n conjunta de todos los dispositivos de seguridad, emergencias, sanitario y de transporte para informar del Plan de Seguridad de El&hellip;<\/p>\n","protected":false},"author":1,"featured_media":11753,"comment_status":"open","ping_status":"open","sticky":false,"template":"","format":"standard","meta":{"wpai_generated_summary":"","wpai_meta_description":"","footnotes":""},"categories":[141],"tags":[],"class_list":["post-11645","post","type-post","status-publish","format-standard","has-post-thumbnail","hentry","category-ayuntamiento-de-teror"],"_links":{"self":[{"href":"https:\/\/nublo.tv\/index.php\/wp-json\/wp\/v2\/posts\/11645","targetHints":{"allow":["GET"]}}],"collection":[{"href":"https:\/\/nublo.tv\/index.php\/wp-json\/wp\/v2\/posts"}],"about":[{"href":"https:\/\/nublo.tv\/index.php\/wp-json\/wp\/v2\/types\/post"}],"author":[{"embeddable":true,"href":"https:\/\/nublo.tv\/index.php\/wp-json\/wp\/v2\/users\/1"}],"replies":[{"embeddable":true,"href":"https:\/\/nublo.tv\/index.php\/wp-json\/wp\/v2\/comments?post=11645"}],"version-history":[{"count":2,"href":"https:\/\/nublo.tv\/index.php\/wp-json\/wp\/v2\/posts\/11645\/revisions"}],"predecessor-version":[{"id":11770,"href":"https:\/\/nublo.tv\/index.php\/wp-json\/wp\/v2\/posts\/11645\/revisions\/11770"}],"wp:featuredmedia":[{"embeddable":true,"href":"https:\/\/nublo.tv\/index.php\/wp-json\/wp\/v2\/media\/11753"}],"wp:attachment":[{"href":"https:\/\/nublo.tv\/index.php\/wp-json\/wp\/v2\/media?parent=11645"}],"wp:term":[{"taxonomy":"category","embeddable":true,"href":"https:\/\/nublo.tv\/index.php\/wp-json\/wp\/v2\/categories?post=11645"},{"taxonomy":"post_tag","embeddable":true,"href":"https:\/\/nublo.tv\/index.php\/wp-json\/wp\/v2\/tags?post=11645"}],"curies":[{"name":"wp","href":"https:\/\/api.w.org\/{rel}","templated":true}]}}