{"id":1167,"date":"2026-08-05T14:32:53","date_gmt":"2026-08-05T13:32:53","guid":{"rendered":"https:\/\/nublo.tv\/?p=1167"},"modified":"2026-08-27T12:35:25","modified_gmt":"2026-08-27T11:35:25","slug":"el-punto-joven-de-teror-realiza-un-campamento-digital-del-24-al-27-de-agosto","status":"publish","type":"post","link":"https:\/\/nublo.tv\/index.php\/2026\/08\/05\/el-punto-joven-de-teror-realiza-un-campamento-digital-del-24-al-27-de-agosto\/","title":{"rendered":"El Punto Joven de Teror realiza un Campamento Digital del 24 al 27 de agosto"},"content":{"rendered":"<p><strong>La actividad gratuita se desarrollar\u00e1 en horario de 17.00 a 19.00 horas. Abierta la inscripci\u00f3n hasta el 11 de agosto enviando un e-mail a <span style=\"color: #0000ff\">juventud@teror.es<\/span><\/strong><\/p>\n<p>La Concejal\u00eda de Juventud del Ayuntamiento de Teror, en colaboraci\u00f3n con la Fundaci\u00f3n Cibervoluntarios, realizar\u00e1 del 24 al 27 de agosto un\u00a0 Campamento Digital para ni\u00f1os\/as y adolescentes de entre 9 a 13 a\u00f1os de edad, donde se abordar\u00e1n temas como la b\u00fasqueda de informaci\u00f3n segura y eficaz en Internet, creaci\u00f3n de contenidos digitales, creaci\u00f3n de contrase\u00f1as fuertes, seguridad y privacidad, bienestar digital, desinformaci\u00f3n en la red y la prevenci\u00f3n del ciberacoso, entre otros.<\/p>\n<p>La actividad se desarrollar\u00e1 en las instalaciones del Punto Joven de Teror en horario de 17:00 a 19:00 horas, ofreciendo contenidos adaptados a cada edad, y centrado en garantizar la inclusi\u00f3n digital en base a la adquisici\u00f3n de competencias digitales \u00a0b\u00e1sicas .<\/p>\n<p><strong>INSCRIPCI\u00d3N GRATUITA ABIERTA HASTA EL 11 DE AGOSTO<\/strong><\/p>\n<p>La inscripci\u00f3n al Campamento digital es gratuita y permanece <strong>abierta hasta el 11 de agosto enviando un correo electr\u00f3nico<\/strong> a <span style=\"color: #0000ff\">juventud@teror.es<\/span>, indicando el nombre del joven, edad, fecha de nacimiento y si est\u00e1 empadronado\/a en Teror. Tambi\u00e9n es necesario el nombre y apellidos, email y tel\u00e9fono de contacto de un tutor\/a del\/la menor, adjuntando el DNI. La adjudicaci\u00f3n de las plazas se realizar\u00e1n por orden de llegada, dando prioridad a los y las ni\u00f1@s empadronados en el municipio de Teror.<\/p>\n<p><strong>CAMPAMENTO DIGITAL IMPARTIDO POR LA FUNDACI\u00d3N CIBERVOLUNTARIOS<\/strong><\/p>\n<p>El Campamento Digital es un programa gratuito de actividades presenciales para que ni\u00f1os, ni\u00f1as y adolescentes de 9 a 13 a\u00f1os aprendan a moverse mejor en Internet desde la creatividad, el pensamiento cr\u00edtico y el uso seguro de la tecnolog\u00eda.<\/p>\n<p>Es una propuesta flexible y pr\u00e1ctica para aprender haciendo a trav\u00e9s de juegos, retos y actividades colaborativas.<br \/>\nCampamento Digital es una iniciativa impulsada por Fundaci\u00f3n Cibervoluntarios, con el apoyo del Ministerio de Derechos Sociales, Consumo y Agenda 2030.<\/p>\n<p><a href=\"https:\/\/teror.es\/wp-content\/uploads\/2026\/08\/05_Campamento_Digital-Joven-1.jpg\"><img loading=\"lazy\" decoding=\"async\" class=\"alignleft wp-image-98759 size-vp_md\" src=\"https:\/\/teror.es\/wp-content\/uploads\/2026\/08\/05_Campamento_Digital-Joven-1-800x897.jpg\" alt=\"\" width=\"777\" height=\"871\" \/><\/a><\/p>\n<p>&nbsp;<\/p>\n<p>&nbsp;<\/p>\n<p>&nbsp;<\/p>\n<p>&nbsp;<\/p>\n<p>&nbsp;<\/p>\n<p>&nbsp;<\/p>\n","protected":false},"excerpt":{"rendered":"<p>La actividad gratuita se desarrollar\u00e1 en horario de 17.00 a 19.00 horas. Abierta la inscripci\u00f3n hasta el 11 de agosto enviando un e-mail a juventud@teror.es La Concejal\u00eda de Juventud del&hellip;<\/p>\n","protected":false},"author":1,"featured_media":1168,"comment_status":"open","ping_status":"open","sticky":false,"template":"","format":"standard","meta":{"wpai_generated_summary":"","wpai_meta_description":"","footnotes":""},"categories":[141],"tags":[],"class_list":["post-1167","post","type-post","status-publish","format-standard","has-post-thumbnail","hentry","category-ayuntamiento-de-teror"],"_links":{"self":[{"href":"https:\/\/nublo.tv\/index.php\/wp-json\/wp\/v2\/posts\/1167","targetHints":{"allow":["GET"]}}],"collection":[{"href":"https:\/\/nublo.tv\/index.php\/wp-json\/wp\/v2\/posts"}],"about":[{"href":"https:\/\/nublo.tv\/index.php\/wp-json\/wp\/v2\/types\/post"}],"author":[{"embeddable":true,"href":"https:\/\/nublo.tv\/index.php\/wp-json\/wp\/v2\/users\/1"}],"replies":[{"embeddable":true,"href":"https:\/\/nublo.tv\/index.php\/wp-json\/wp\/v2\/comments?post=1167"}],"version-history":[{"count":1,"href":"https:\/\/nublo.tv\/index.php\/wp-json\/wp\/v2\/posts\/1167\/revisions"}],"predecessor-version":[{"id":1200,"href":"https:\/\/nublo.tv\/index.php\/wp-json\/wp\/v2\/posts\/1167\/revisions\/1200"}],"wp:featuredmedia":[{"embeddable":true,"href":"https:\/\/nublo.tv\/index.php\/wp-json\/wp\/v2\/media\/1168"}],"wp:attachment":[{"href":"https:\/\/nublo.tv\/index.php\/wp-json\/wp\/v2\/media?parent=1167"}],"wp:term":[{"taxonomy":"category","embeddable":true,"href":"https:\/\/nublo.tv\/index.php\/wp-json\/wp\/v2\/categories?post=1167"},{"taxonomy":"post_tag","embeddable":true,"href":"https:\/\/nublo.tv\/index.php\/wp-json\/wp\/v2\/tags?post=1167"}],"curies":[{"name":"wp","href":"https:\/\/api.w.org\/{rel}","templated":true}]}}