{"id":1169,"date":"2026-08-05T14:37:33","date_gmt":"2026-08-05T13:37:33","guid":{"rendered":"https:\/\/nublo.tv\/?p=1169"},"modified":"2026-08-27T12:35:25","modified_gmt":"2026-08-27T11:35:25","slug":"joaquin-rodriguez-hay-que-estar-a-la-altura-porque-es-una-liga-competitiva","status":"publish","type":"post","link":"https:\/\/nublo.tv\/index.php\/2026\/08\/05\/joaquin-rodriguez-hay-que-estar-a-la-altura-porque-es-una-liga-competitiva\/","title":{"rendered":"Joaqu\u00edn Rodr\u00edguez: \u00abHay que estar a la altura porque es una liga competitiva\u00bb"},"content":{"rendered":"<p>El uruguayo, segundo fichaje en aterrizar en la isla, habl\u00f3 de lo que puede aportar al equipo, de su reencuentro con Savignani, y de la Primera FEB que se avecina.<br \/>\n\u00abEstoy muy contento de estar ac\u00e1, de llegar, de empezar a conocer a la gente, de conocer el club. Estoy muy emocionado y con muchas ganas de afrontar este reto tan importante que tenemos\u00bb.<\/p>\n<p>\u00abPuedo aportar much\u00edsimas cosas. Mucha actitud, muchas ganas. Tengo ganas de disfrutar de jugar ac\u00e1, creo que va a ser un momento muy lindo para mi carrera, que me agarra en un gran momento. Creo que voy a ayudar al equipo en lo que haga falta: en defensa, en ataque, anotar, pasar, de todo un poco\u00bb.<\/p>\n<p>\u00abSavignani fue una de las claves para que yo venga. Es un entrenador con el que compart\u00ed en Betis y sac\u00f3 lo mejor de m\u00ed. Es un tipo que busca sacar lo mejor de todas las personas que lo rodean. Es un entrenador incre\u00edble. El tiempo que compart\u00ed con \u00e9l la pas\u00e9 incre\u00edble. Que conf\u00eden en \u00e9l, va a tratar de sacar lo mejor de cada uno. Hay un equipo incre\u00edble, as\u00ed que ojal\u00e1 las cosas salgan bien y consigamos los objetivos\u00bb.<\/p>\n<p>\u00abEs una competici\u00f3n muy importante y competitiva. Cualquier equipo le puede ganar a cualquiera. Los equipos se hacen fuertes en casa. Es una liga dura, no es f\u00e1cil el reto que tenemos por delante. Habla bien de Gran Canaria que seduzca a jugadores de alt\u00edsimo nivel para venir ac\u00e1. Hay que estar a la altura porque es una liga competitiva, pero creo que lo vamos a estar\u00bb.<\/p>\n","protected":false},"excerpt":{"rendered":"<p>El uruguayo, segundo fichaje en aterrizar en la isla, habl\u00f3 de lo que puede aportar al equipo, de su reencuentro con Savignani, y de la Primera FEB que se avecina.&hellip;<\/p>\n","protected":false},"author":1,"featured_media":1216,"comment_status":"open","ping_status":"open","sticky":false,"template":"","format":"standard","meta":{"wpai_generated_summary":"","wpai_meta_description":"","footnotes":""},"categories":[122],"tags":[],"class_list":["post-1169","post","type-post","status-publish","format-standard","has-post-thumbnail","hentry","category-deportes"],"_links":{"self":[{"href":"https:\/\/nublo.tv\/index.php\/wp-json\/wp\/v2\/posts\/1169","targetHints":{"allow":["GET"]}}],"collection":[{"href":"https:\/\/nublo.tv\/index.php\/wp-json\/wp\/v2\/posts"}],"about":[{"href":"https:\/\/nublo.tv\/index.php\/wp-json\/wp\/v2\/types\/post"}],"author":[{"embeddable":true,"href":"https:\/\/nublo.tv\/index.php\/wp-json\/wp\/v2\/users\/1"}],"replies":[{"embeddable":true,"href":"https:\/\/nublo.tv\/index.php\/wp-json\/wp\/v2\/comments?post=1169"}],"version-history":[{"count":2,"href":"https:\/\/nublo.tv\/index.php\/wp-json\/wp\/v2\/posts\/1169\/revisions"}],"predecessor-version":[{"id":1215,"href":"https:\/\/nublo.tv\/index.php\/wp-json\/wp\/v2\/posts\/1169\/revisions\/1215"}],"wp:featuredmedia":[{"embeddable":true,"href":"https:\/\/nublo.tv\/index.php\/wp-json\/wp\/v2\/media\/1216"}],"wp:attachment":[{"href":"https:\/\/nublo.tv\/index.php\/wp-json\/wp\/v2\/media?parent=1169"}],"wp:term":[{"taxonomy":"category","embeddable":true,"href":"https:\/\/nublo.tv\/index.php\/wp-json\/wp\/v2\/categories?post=1169"},{"taxonomy":"post_tag","embeddable":true,"href":"https:\/\/nublo.tv\/index.php\/wp-json\/wp\/v2\/tags?post=1169"}],"curies":[{"name":"wp","href":"https:\/\/api.w.org\/{rel}","templated":true}]}}