{"id":1172,"date":"2026-08-05T14:32:53","date_gmt":"2026-08-05T13:32:53","guid":{"rendered":"https:\/\/nublo.tv\/?p=1172"},"modified":"2026-08-27T12:35:25","modified_gmt":"2026-08-27T11:35:25","slug":"igualdad-refuerza-el-personal-que-atiende-el-servicio-de-violencia-de-genero-del-112","status":"publish","type":"post","link":"https:\/\/nublo.tv\/index.php\/2026\/08\/05\/igualdad-refuerza-el-personal-que-atiende-el-servicio-de-violencia-de-genero-del-112\/","title":{"rendered":"Igualdad refuerza el personal que atiende el servicio de Violencia de G\u00e9nero del 112"},"content":{"rendered":"<blockquote>\n<p>Con la nueva orden de la consejera de Bienestar Social, Igualdad, Juventud, Infancia y Familias, la plantilla del servicio de Violencia pasa de contar con 9 puestos de trabajo a 17<\/p>\n<\/blockquote>\n<p>El<a href=\"https:\/\/www.youtube.com\/watch?v=Cwjoqjx4S10\"> servicio telef\u00f3nico de Atenci\u00f3n a Mujeres V\u00edctimas de Violencia de G\u00e9nero 112<\/a>, financiado por el Instituto Canario de Igualdad (ICI), reforzar\u00e1 su plantilla actual (integrada por ocho plazas de t\u00e9cnicas de atenci\u00f3n a la mujer y una coordinadora), con la creaci\u00f3n de ocho puestos nuevos, entre los que se contemplan seis nuevas plazas de t\u00e9cnicas de atenci\u00f3n a tiempo completo, otra m\u00e1s para personal administrativo y otra como responsable de Unidad. El importe total que destinar\u00e1 el ICI para cubrir el mantenimiento de este servicio que se presta en las salas del Centro Coordinador de Emergencias y Seguridad, (CECOES 112) ser\u00e1 de 1.065.314,15 euros para el ejercicio presupuestario 2026.<\/p>\n<p>La consejera de Bienestar Social, Igualdad, Juventud, Infancia y Familias, Candelaria Delgado, justifica la necesidad del refuerzo del personal ante la grave incidencia de la violencia machista en nuestra comunidad y el \u201cexcelente trabajo que realiza este servicio telef\u00f3nico atendido por profesionales, expertas en la materia y que, adem\u00e1s, al estar integrado en el CECOES, se coordina con la m\u00e1xima rapidez con las fuerzas de seguridad y emergencias en el caso de que sea preciso intervenir\u201d.<\/p>\n<p>\u201cEs un equipo altamente cualificado -a\u00f1ade- que atiende cualquier violencia contra las mujeres las 24 horas del d\u00eda y todos los d\u00edas del a\u00f1o, pero, es evidente, que ante el mayor conocimiento de la violencia machista m\u00e1s mujeres se reconocen y llaman para ser atendidas por lo que ha sido necesario reforzar el personal actual con el fin de mantener la calidad de la atenci\u00f3n\u201d.<\/p>\n<p>Por su parte, la directora del Instituto Canario de Igualdad, Ana Padr\u00f3n, recuerda que \u201ceste servicio nos est\u00e1 permitiendo atender las emergencias de las violencias contra las mujeres de manera eficaz, pero, sobre todo, est\u00e1 permitiendo que afloren muchas otras que hasta ahora estaban invisibilizadas ya que cualquier persona puede denunciar una violencia, o del entorno m\u00e1s cercano a la v\u00edctima, familiar, de amistades, vecindario, o que cualquiera que la presencie de manera accidental\u201d.<\/p>\n<p>De acuerdo a la \u00faltima estad\u00edstica del CGPJ correspondiente al primer trimestre de 2026 la tasa de v\u00edctimas de VG cada 10.000 mujeres en Canarias es del 23,4%, casi dos puntos m\u00e1s que en el mismo periodo del a\u00f1o pasado. Con este dato, Canarias es la tercera comunidad con la tasa m\u00e1s alta del Estado (por detr\u00e1s de Baleares y Navarra).<\/p>\n<p>En el primer trimestre de 2026 se registraron 2.974 denuncias en los juzgados de violencia sobre la mujer de Canarias, un 5% m\u00e1s que el mismo periodo del pasado a\u00f1o. El n\u00famero de v\u00edctimas fue de 2.482, lo que supuso un aumento de casi un 8%.<\/p>\n<p>Casi 10.000 alertas en medio a\u00f1o<\/p>\n<p>El servicio telef\u00f3nico de Atenci\u00f3n a Mujeres V\u00edctimas de Violencia de G\u00e9nero 112, atendi\u00f3 en el primer semestre del a\u00f1o 9.693 llamadas por violencias machistas, un 13% m\u00e1s que en el mismo periodo de 2025 en el que se recibieron 8.568 alertas. Solo en el mes de junio se registraron 1.711 llamadas de las que 60 mujeres reconocieron tener alguna discapacidad.<\/p>\n<p>Del total de llamadas recibidas entre enero y junio, el 59% (5.717), fueron de emergencia, es decir, la situaci\u00f3n supon\u00eda un peligro inminente para la mujer que estaba siendo agredida por un hombre y precisaba la activaci\u00f3n de personal de seguridad, sanitario, o de los Dispositivos de Emergencia insulares.<\/p>\n<p>Los dispositivos para mujeres agredidas de las islas (DEMA) se activaron en 1.117 ocasiones y 219 mujeres con sus 92 hijas e hijos fueron acogidas de emergencia para protegerse de su maltratador. De forma paralela, se movilizaron 5.516 recursos policiales y 477 sanitarios.<\/p>\n<p>El Servicio de Atenci\u00f3n a Mujeres V\u00edctimas de Violencia de G\u00e9nero (SAMVV) prestado a trav\u00e9s del Tel\u00e9fono \u00danico de Emergencias 112 en Canarias es un recurso especializado de atenci\u00f3n telef\u00f3nica inmediata que se integra en el Centro Coordinador de Emergencias y Seguridad (CECOES).<\/p>\n<p>Consiste en un servicio de atenci\u00f3n telef\u00f3nica ante situaciones de urgencia y emergencia, con cobertura en todo el territorio de la Comunidad Aut\u00f3noma de Canarias y atenci\u00f3n las 24 horas del d\u00eda, los 365 d\u00edas del a\u00f1o, para dar respuesta a la demanda de la ciudadan\u00eda en materia de atenci\u00f3n a la mujer v\u00edctima de violencia, al objeto de proporcionar informaci\u00f3n espec\u00edfica y asistencia primaria en situaciones de violencia de g\u00e9nero.<\/p>\n<p>El ICI impulsa adem\u00e1s una red de recursos por todo el archipi\u00e9lago y en convenio con los cabildos para informar, prevenir y atender a las v\u00edctimas de violencias de g\u00e9nero a la que el pasado a\u00f1o se sumaron los cinco nuevos centros de crisis 24 horas para atender a las mujeres v\u00edctimas de violencias sexuales.<\/p>\n<p><a href=\"https:\/\/www.gobiernodecanarias.org\/icigualdad\/violencia_genero\/centros\/\">RED DE SERVICIOS P\u00daBLICOS ESPECIALIZADOS DE ATENCI\u00d3N SOCIAL A LAS V\u00cdCTIMAS DE VIOLENCIA DE G\u00c9NERO<\/a><\/p>\n<h4 class=\"tag_section_header\">Etiquetas<\/h4>\n<ul class=\"tags\">\n<li><a href=\"https:\/\/www3.gobiernodecanarias.org\/noticias\/tag\/112-canarias\/\" title=\"112 Canarias Tag\" class=\"112-canarias\">112 Canarias<\/a><\/li>\n<li><a href=\"https:\/\/www3.gobiernodecanarias.org\/noticias\/tag\/atencion-victimas-violencia-de-genero\/\" title=\"atenci\u00f3n v\u00edctimas violencia de g\u00e9nero Tag\" class=\"atencion-victimas-violencia-de-genero\">atenci\u00f3n v\u00edctimas violencia de g\u00e9nero<\/a><\/li>\n<li><a href=\"https:\/\/www3.gobiernodecanarias.org\/noticias\/tag\/igualdad\/\" title=\"igualdad Tag\" class=\"igualdad\">igualdad<\/a><\/li>\n<li><a href=\"https:\/\/www3.gobiernodecanarias.org\/noticias\/tag\/violencias-machistas\/\" title=\"violencias machistas Tag\" class=\"violencias-machistas\">violencias machistas<\/a><\/li>\n<\/ul>\n","protected":false},"excerpt":{"rendered":"<p>Con la nueva orden de la consejera de Bienestar Social, Igualdad, Juventud, Infancia y Familias, la plantilla del servicio de Violencia pasa de contar con 9 puestos de trabajo a&hellip;<\/p>\n","protected":false},"author":1,"featured_media":1173,"comment_status":"open","ping_status":"open","sticky":false,"template":"","format":"standard","meta":{"wpai_generated_summary":"","wpai_meta_description":"","footnotes":""},"categories":[121],"tags":[],"class_list":["post-1172","post","type-post","status-publish","format-standard","has-post-thumbnail","hentry","category-noticias"],"_links":{"self":[{"href":"https:\/\/nublo.tv\/index.php\/wp-json\/wp\/v2\/posts\/1172","targetHints":{"allow":["GET"]}}],"collection":[{"href":"https:\/\/nublo.tv\/index.php\/wp-json\/wp\/v2\/posts"}],"about":[{"href":"https:\/\/nublo.tv\/index.php\/wp-json\/wp\/v2\/types\/post"}],"author":[{"embeddable":true,"href":"https:\/\/nublo.tv\/index.php\/wp-json\/wp\/v2\/users\/1"}],"replies":[{"embeddable":true,"href":"https:\/\/nublo.tv\/index.php\/wp-json\/wp\/v2\/comments?post=1172"}],"version-history":[{"count":1,"href":"https:\/\/nublo.tv\/index.php\/wp-json\/wp\/v2\/posts\/1172\/revisions"}],"predecessor-version":[{"id":1205,"href":"https:\/\/nublo.tv\/index.php\/wp-json\/wp\/v2\/posts\/1172\/revisions\/1205"}],"wp:featuredmedia":[{"embeddable":true,"href":"https:\/\/nublo.tv\/index.php\/wp-json\/wp\/v2\/media\/1173"}],"wp:attachment":[{"href":"https:\/\/nublo.tv\/index.php\/wp-json\/wp\/v2\/media?parent=1172"}],"wp:term":[{"taxonomy":"category","embeddable":true,"href":"https:\/\/nublo.tv\/index.php\/wp-json\/wp\/v2\/categories?post=1172"},{"taxonomy":"post_tag","embeddable":true,"href":"https:\/\/nublo.tv\/index.php\/wp-json\/wp\/v2\/tags?post=1172"}],"curies":[{"name":"wp","href":"https:\/\/api.w.org\/{rel}","templated":true}]}}