{"id":1174,"date":"2026-08-05T14:32:53","date_gmt":"2026-08-05T13:32:53","guid":{"rendered":"https:\/\/nublo.tv\/?p=1174"},"modified":"2026-08-27T12:35:25","modified_gmt":"2026-08-27T11:35:25","slug":"la-plaza-grande-de-guia-acoge-este-jueves-el-espectaculo-familiar-una-aventura-en-el-oceano-tributo-a-vaiana-dentro-de-las-fiestas-de-la-virgen-2026","status":"publish","type":"post","link":"https:\/\/nublo.tv\/index.php\/2026\/08\/05\/la-plaza-grande-de-guia-acoge-este-jueves-el-espectaculo-familiar-una-aventura-en-el-oceano-tributo-a-vaiana-dentro-de-las-fiestas-de-la-virgen-2026\/","title":{"rendered":"La Plaza Grande de Gu\u00eda acoge este jueves el espect\u00e1culo familiar \u2018Una aventura en el Oc\u00e9ano\u2019, Tributo a Vaiana, dentro de las Fiestas de La Virgen 2026"},"content":{"rendered":"<ul>\n<li><strong>La tarde contar\u00e1 adem\u00e1s con castillos hinchables a partir de las 17:00 horas en el frontis de la Iglesia<\/strong><\/li>\n<\/ul>\n<p><strong>Gu\u00eda, 5 de agosto de 2026.-<\/strong> Las Fiestas de La Virgen 2026 contin\u00faan su amplia programaci\u00f3n dedicada a los m\u00e1s peque\u00f1os de la casa con los tradicionales Pasacalles de Papag\u00fcevos a lo largo de toda la semana, castillos acu\u00e1ticos en la tarde de hoy mi\u00e9rcoles y un gran espect\u00e1culo familiar para este jueves 6 de agosto en la Plaza Grande, a partir de las 20:30 horas, una cita imprescindible para grandes y peque\u00f1os que quieran disfrutar de \u201cUna aventura en el Oc\u00e9ano\u201d, un emocionante tributo musical inspirado en el universo de Vaiana, \u00a0una de las hero\u00ednas m\u00e1s queridas de la factor\u00eda Disney.<\/p>\n<p>El alcalde y responsable del \u00e1rea de Festejos, Alfredo Gon\u00e7alves Ferreira, ha animado a vecinos y vecinas a sumarse a estas veladas festivas pensadas para el disfrute en familia. \u201cEstamos viviendo unas Fiestas de La Virgen muy especiales, pensadas por y para nuestra gente y la tarde de este jueves es una oportunidad magn\u00edfica para que las familias salgan a la calle, compartan risas y vean a los m\u00e1s peque\u00f1os disfrutar de nuestro casco hist\u00f3rico lleno de vida, magia e ilusi\u00f3n\u201d, se\u00f1al\u00f3 el regidor guiense.<\/p>\n<p>La tarde festiva de ma\u00f1ana jueves arrancar\u00e1 antes del musical, a las \u00a017:00 horas, con la instalaci\u00f3n de castillos hinchables en el frontis de la Iglesia, una propuesta especialmente destinada al p\u00fablico infantil.<\/p>\n<p>Y ya a las 20:30 horas llegar\u00e1 el plato fuerte de la jornada con el espect\u00e1culo \u2018Una aventura en el Oc\u00e9ano\u2019, un musical vibrante y emotivo que invita invita al p\u00fablico a sumergirse en una traves\u00eda inolvidable. La trama sigue a Vaiana, una joven valiente y curiosa que, al percibir la llamada del oc\u00e9ano, decide emprender un viaje m\u00e1s all\u00e1 del horizonte. Su periplo no estar\u00e1 exento de desaf\u00edos donde la confrontaci\u00f3n con criaturas marinas y semidioses la obligar\u00e1 a tomar decisiones trascendentales y a poner a prueba su coraz\u00f3n.<\/p>\n<p>A trav\u00e9s de la m\u00fasica,\u00a0 la danza y la magia, este tributo aborda valores como el \u00a0coraje, el crecimiento personal, la conexi\u00f3n con la naturaleza y la fuerza interior, garantizando un espect\u00e1culo de gran calidad para todas las edades.<\/p>\n<p>&nbsp;<\/p>\n","protected":false},"excerpt":{"rendered":"<p>La tarde contar\u00e1 adem\u00e1s con castillos hinchables a partir de las 17:00 horas en el frontis de la Iglesia Gu\u00eda, 5 de agosto de 2026.- Las Fiestas de La Virgen&hellip;<\/p>\n","protected":false},"author":1,"featured_media":1175,"comment_status":"open","ping_status":"open","sticky":false,"template":"","format":"standard","meta":{"wpai_generated_summary":"","wpai_meta_description":"","footnotes":""},"categories":[138],"tags":[],"class_list":["post-1174","post","type-post","status-publish","format-standard","has-post-thumbnail","hentry","category-ayuntamiento-de-santa-maria-de-guia"],"_links":{"self":[{"href":"https:\/\/nublo.tv\/index.php\/wp-json\/wp\/v2\/posts\/1174","targetHints":{"allow":["GET"]}}],"collection":[{"href":"https:\/\/nublo.tv\/index.php\/wp-json\/wp\/v2\/posts"}],"about":[{"href":"https:\/\/nublo.tv\/index.php\/wp-json\/wp\/v2\/types\/post"}],"author":[{"embeddable":true,"href":"https:\/\/nublo.tv\/index.php\/wp-json\/wp\/v2\/users\/1"}],"replies":[{"embeddable":true,"href":"https:\/\/nublo.tv\/index.php\/wp-json\/wp\/v2\/comments?post=1174"}],"version-history":[{"count":1,"href":"https:\/\/nublo.tv\/index.php\/wp-json\/wp\/v2\/posts\/1174\/revisions"}],"predecessor-version":[{"id":1197,"href":"https:\/\/nublo.tv\/index.php\/wp-json\/wp\/v2\/posts\/1174\/revisions\/1197"}],"wp:featuredmedia":[{"embeddable":true,"href":"https:\/\/nublo.tv\/index.php\/wp-json\/wp\/v2\/media\/1175"}],"wp:attachment":[{"href":"https:\/\/nublo.tv\/index.php\/wp-json\/wp\/v2\/media?parent=1174"}],"wp:term":[{"taxonomy":"category","embeddable":true,"href":"https:\/\/nublo.tv\/index.php\/wp-json\/wp\/v2\/categories?post=1174"},{"taxonomy":"post_tag","embeddable":true,"href":"https:\/\/nublo.tv\/index.php\/wp-json\/wp\/v2\/tags?post=1174"}],"curies":[{"name":"wp","href":"https:\/\/api.w.org\/{rel}","templated":true}]}}