{"id":11749,"date":"2026-08-27T14:50:44","date_gmt":"2026-08-27T13:50:44","guid":{"rendered":"https:\/\/nublo.tv\/?p=11749"},"modified":"2026-08-27T14:50:44","modified_gmt":"2026-08-27T13:50:44","slug":"aplazada-la-grabacion-de-tenderete-en-teror-por-una-averia-tecnica-en-tve","status":"publish","type":"post","link":"https:\/\/nublo.tv\/index.php\/2026\/08\/27\/aplazada-la-grabacion-de-tenderete-en-teror-por-una-averia-tecnica-en-tve\/","title":{"rendered":"Aplazada la grabaci\u00f3n de &#8216;Tenderete&#8217; en Teror por una aver\u00eda t\u00e9cnica en TVE"},"content":{"rendered":"<p><strong>La grabaci\u00f3n del programa &#8216;Tenderete&#8217;, prevista para el pr\u00f3ximo 3 de septiembre en el Convento de las Dominicas de Teror con motivo de las Fiestas del Pino, ha sido pospuesta al mes de octubre debido a una aver\u00eda en la unidad m\u00f3vil de TVE en Canarias.<\/strong><\/p>\n<p>El aplazamiento ha sido comunicado a la Consejer\u00eda de Cultura del Cabildo de Gran Canaria por parte de la ayudante de producci\u00f3n de TVE, Mar\u00eda del Pino Ortega Pestana. Seg\u00fan se ha informado, la causa es la rotura de una pieza en el sistema de control de transmisi\u00f3n de la unidad m\u00f3vil del ente p\u00fablico.<\/p>\n<h3>Dificultades en la reparaci\u00f3n<\/h3>\n<p>La pieza necesaria para reparar el sistema debe adquirirse en Francia. El \u00e1rea de Explotaci\u00f3n y Gesti\u00f3n de Producci\u00f3n de Canarias ha se\u00f1alado que no puede garantizar que el repuesto llegue a la isla a tiempo para llevar a cabo la grabaci\u00f3n en la fecha originalmente programada.<\/p>\n<p>Ante esta situaci\u00f3n, la Fundaci\u00f3n Canaria Nanino D\u00edaz Cutillas \u2014entidad dependiente del Cabildo grancanario que patrocina la grabaci\u00f3n\u2014, el Ayuntamiento de Teror y TVE en Canarias trabajan para trasladar el rodaje del espacio al mes de octubre, dentro de la programaci\u00f3n de las Fiestas del Pino 2026.<\/p>\n<p>El programa &#8216;Tenderete&#8217;, creado por Nanino D\u00edaz Cutillas, cuenta con m\u00e1s de 54 a\u00f1os de trayectoria, lo que lo convierte en el espacio m\u00e1s longevo de TVE y un referente de la cultura m\u00fasico-popular de Canarias. El a\u00f1o pasado, la grabaci\u00f3n tambi\u00e9n tuvo lugar en el Convento de las Dominicas de Teror, coincidiendo con el centenario de su inauguraci\u00f3n.<\/p>\n","protected":false},"excerpt":{"rendered":"<p>La grabaci\u00f3n del programa en el Convento de las Dominicas, prevista para el 3 de septiembre, se pospone al mes de octubre, debido la rotura de una pieza en el&hellip;<\/p>\n","protected":false},"author":1,"featured_media":11757,"comment_status":"open","ping_status":"open","sticky":false,"template":"","format":"standard","meta":{"wpai_generated_summary":"","wpai_meta_description":"","footnotes":""},"categories":[141],"tags":[],"class_list":["post-11749","post","type-post","status-publish","format-standard","has-post-thumbnail","hentry","category-ayuntamiento-de-teror"],"_links":{"self":[{"href":"https:\/\/nublo.tv\/index.php\/wp-json\/wp\/v2\/posts\/11749","targetHints":{"allow":["GET"]}}],"collection":[{"href":"https:\/\/nublo.tv\/index.php\/wp-json\/wp\/v2\/posts"}],"about":[{"href":"https:\/\/nublo.tv\/index.php\/wp-json\/wp\/v2\/types\/post"}],"author":[{"embeddable":true,"href":"https:\/\/nublo.tv\/index.php\/wp-json\/wp\/v2\/users\/1"}],"replies":[{"embeddable":true,"href":"https:\/\/nublo.tv\/index.php\/wp-json\/wp\/v2\/comments?post=11749"}],"version-history":[{"count":2,"href":"https:\/\/nublo.tv\/index.php\/wp-json\/wp\/v2\/posts\/11749\/revisions"}],"predecessor-version":[{"id":11768,"href":"https:\/\/nublo.tv\/index.php\/wp-json\/wp\/v2\/posts\/11749\/revisions\/11768"}],"wp:featuredmedia":[{"embeddable":true,"href":"https:\/\/nublo.tv\/index.php\/wp-json\/wp\/v2\/media\/11757"}],"wp:attachment":[{"href":"https:\/\/nublo.tv\/index.php\/wp-json\/wp\/v2\/media?parent=11749"}],"wp:term":[{"taxonomy":"category","embeddable":true,"href":"https:\/\/nublo.tv\/index.php\/wp-json\/wp\/v2\/categories?post=11749"},{"taxonomy":"post_tag","embeddable":true,"href":"https:\/\/nublo.tv\/index.php\/wp-json\/wp\/v2\/tags?post=11749"}],"curies":[{"name":"wp","href":"https:\/\/api.w.org\/{rel}","templated":true}]}}