{"id":11772,"date":"2026-08-27T15:55:10","date_gmt":"2026-08-27T14:55:10","guid":{"rendered":"https:\/\/nublo.tv\/?p=11772"},"modified":"2026-08-27T15:55:10","modified_gmt":"2026-08-27T14:55:10","slug":"galdar-repone-la-senalizacion-de-sus-playas-adheridas-a-la-red-regional-playas-sin-humo","status":"publish","type":"post","link":"https:\/\/nublo.tv\/index.php\/2026\/08\/27\/galdar-repone-la-senalizacion-de-sus-playas-adheridas-a-la-red-regional-playas-sin-humo\/","title":{"rendered":"G\u00e1ldar repone la se\u00f1alizaci\u00f3n de sus playas adheridas a la red regional &#8216;Playas sin Humo&#8217;"},"content":{"rendered":"<p><strong>El Ayuntamiento de G\u00e1ldar ha procedido a la reposici\u00f3n de la carteler\u00eda informativa en las zonas de ba\u00f1o del municipio integradas en la red regional de &#8216;Playas sin Humo&#8217;, una iniciativa voluntaria promovida por el Servicio Canario de la Salud.<\/strong><\/p>\n<p>Esta acci\u00f3n reafirma la adhesi\u00f3n del municipio al programa, que busca regular el consumo de tabaco en los espacios de litoral. Las zonas de ba\u00f1o galdenses sujetas a esta normativa son las playas de Sardina, El Faro, Punta de G\u00e1ldar, Caleta Abajo, La Furnia, El Clavo, Los Dos Roques, Bocabarranco, Piscina de Emiliano, El Agujero y Caleta Arriba, donde la prohibici\u00f3n de fumar ya est\u00e1 recogida en la normativa municipal vigente.<\/p>\n<h3>Objetivos y colaboraci\u00f3n ciudadana<\/h3>\n<p>El programa &#8216;Playas sin Humo&#8217; tiene como fin proteger la salud de los usuarios, contribuir a la conservaci\u00f3n del medio ambiente y concienciar sobre el impacto de las colillas y otros residuos derivados del consumo de tabaco en los entornos naturales. Adem\u00e1s, la iniciativa fomenta la colaboraci\u00f3n entre administraciones locales para promover el ocio y el turismo saludables.<\/p>\n<p>Por su parte, el Ayuntamiento ha solicitado la colaboraci\u00f3n de vecinos y visitantes para garantizar el cumplimiento de la medida. Seg\u00fan el consistorio, la implicaci\u00f3n ciudadana resulta fundamental para mantener los espacios libres de residuos, apelando al respeto de la normativa vigente para asegurar la protecci\u00f3n del litoral y la salud en las zonas de ba\u00f1o.<\/p>\n","protected":false},"excerpt":{"rendered":"<p>El Ayuntamiento de G\u00e1ldar refuerza su compromiso con la protecci\u00f3n de la salud y del entorno natural a trav\u00e9s de su adhesi\u00f3n a la red de Playas sin Humo, un&hellip;<\/p>\n","protected":false},"author":1,"featured_media":11782,"comment_status":"open","ping_status":"open","sticky":false,"template":"","format":"standard","meta":{"wpai_generated_summary":"","wpai_meta_description":"","footnotes":""},"categories":[129],"tags":[],"class_list":["post-11772","post","type-post","status-publish","format-standard","has-post-thumbnail","hentry","category-ayuntamiento-de-galdar"],"_links":{"self":[{"href":"https:\/\/nublo.tv\/index.php\/wp-json\/wp\/v2\/posts\/11772","targetHints":{"allow":["GET"]}}],"collection":[{"href":"https:\/\/nublo.tv\/index.php\/wp-json\/wp\/v2\/posts"}],"about":[{"href":"https:\/\/nublo.tv\/index.php\/wp-json\/wp\/v2\/types\/post"}],"author":[{"embeddable":true,"href":"https:\/\/nublo.tv\/index.php\/wp-json\/wp\/v2\/users\/1"}],"replies":[{"embeddable":true,"href":"https:\/\/nublo.tv\/index.php\/wp-json\/wp\/v2\/comments?post=11772"}],"version-history":[{"count":2,"href":"https:\/\/nublo.tv\/index.php\/wp-json\/wp\/v2\/posts\/11772\/revisions"}],"predecessor-version":[{"id":11789,"href":"https:\/\/nublo.tv\/index.php\/wp-json\/wp\/v2\/posts\/11772\/revisions\/11789"}],"wp:featuredmedia":[{"embeddable":true,"href":"https:\/\/nublo.tv\/index.php\/wp-json\/wp\/v2\/media\/11782"}],"wp:attachment":[{"href":"https:\/\/nublo.tv\/index.php\/wp-json\/wp\/v2\/media?parent=11772"}],"wp:term":[{"taxonomy":"category","embeddable":true,"href":"https:\/\/nublo.tv\/index.php\/wp-json\/wp\/v2\/categories?post=11772"},{"taxonomy":"post_tag","embeddable":true,"href":"https:\/\/nublo.tv\/index.php\/wp-json\/wp\/v2\/tags?post=11772"}],"curies":[{"name":"wp","href":"https:\/\/api.w.org\/{rel}","templated":true}]}}