{"id":11774,"date":"2026-08-27T15:55:18","date_gmt":"2026-08-27T14:55:18","guid":{"rendered":"https:\/\/nublo.tv\/?p=11774"},"modified":"2026-08-27T15:55:18","modified_gmt":"2026-08-27T14:55:18","slug":"el-dr-luis-pena-pregonara-las-fiestas-del-pino-2026-este-viernes-en-teror","status":"publish","type":"post","link":"https:\/\/nublo.tv\/index.php\/2026\/08\/27\/el-dr-luis-pena-pregonara-las-fiestas-del-pino-2026-este-viernes-en-teror\/","title":{"rendered":"El Dr. Luis Pe\u00f1a pregonar\u00e1 las Fiestas del Pino 2026 este viernes en Teror"},"content":{"rendered":"<p><strong>El m\u00e9dico pediatra Luis Pe\u00f1a Quintana ser\u00e1 el encargado de leer el preg\u00f3n de las Fiestas del Pino 2026 este viernes 28 de agosto, a las 21:00 horas, en la Plaza del Pino de Teror.<\/strong><\/p>\n<p>Tras la lectura del preg\u00f3n, titulado &#8216;Las ra\u00edces que nunca se pierden&#8217;, se celebrar\u00e1 el tradicional concierto de la Banda de M\u00fasica de Teror. Posteriormente, en torno a las 23:00 horas, tendr\u00e1 lugar la inauguraci\u00f3n de los chiringuitos en la Plaza de Sintes y del 13\u00ba Festival de Arte en la Calle \u2018En Pie\u2019, que contar\u00e1 con las actuaciones de Andrea Rodr\u00edguez, \u2018La Banda del Tr\u00f3pico\u2019 y el grupo \u2018Son de la Isla\u2019. Dicho festival ofrecer\u00e1 durante todo el fin de semana, hasta el 30 de agosto, diversas actividades de teatro, m\u00fasica, humor y acrobacias.<\/p>\n<h3>Los detalles del preg\u00f3n<\/h3>\n<p>Luis Pe\u00f1a ser\u00e1 el pregonero n\u00famero 79 desde que comenz\u00f3 esta tradici\u00f3n en 1948. Su intervenci\u00f3n estar\u00e1 dividida en tres bloques: el primero se centrar\u00e1 en sus vivencias en Teror entre finales de los cincuenta y principios de los setenta; el segundo versar\u00e1 sobre la Virgen del Pino y su vinculaci\u00f3n con su labor como pediatra; y el tercero abordar\u00e1 la evoluci\u00f3n de las Fiestas del Pino. El autor ha expresado su deseo de compartir su memoria personal y la devoci\u00f3n popular mediante un lenguaje costumbrista, dedicando el acto a su familia, a los ni\u00f1os y ni\u00f1as que ha atendido a lo largo de su carrera y al pueblo de Teror.<\/p>\n<h3>Trayectoria del pregonero<\/h3>\n<p>Nacido en Teror en 1956, Luis Pe\u00f1a Quintana es Catedr\u00e1tico de Pediatr\u00eda de la ULPGC, jefe de servicio en el Complejo Hospitalario Universitario Materno-Infantil de Canarias y actual presidente de la Sociedad Canaria de Pediatr\u00eda de Las Palmas. Entre otros reconocimientos, ha sido nombrado Hijo Predilecto de Gran Canaria (2018), Hijo Predilecto de Teror (2018) e Hijo Adoptivo de Las Palmas de Gran Canaria (2021). Su curr\u00edculo incluye m\u00e1s de 300 publicaciones cient\u00edficas, la direcci\u00f3n de diversas tesis doctorales y la presidencia, entre 2008 y 2012, de la Sociedad Espa\u00f1ola de Gastroenterolog\u00eda, Hepatolog\u00eda y Nutrici\u00f3n Pedi\u00e1trica.<\/p>\n","protected":false},"excerpt":{"rendered":"<p>El acto tiene lugar en la Plaza del Pino, a las 21:00 horas. A continuaci\u00f3n, ser\u00e1 el concierto de la Banda de M\u00fasica de Teror y la inauguraci\u00f3n de los&hellip;<\/p>\n","protected":false},"author":1,"featured_media":11787,"comment_status":"open","ping_status":"open","sticky":false,"template":"","format":"standard","meta":{"wpai_generated_summary":"","wpai_meta_description":"","footnotes":""},"categories":[141],"tags":[],"class_list":["post-11774","post","type-post","status-publish","format-standard","has-post-thumbnail","hentry","category-ayuntamiento-de-teror"],"_links":{"self":[{"href":"https:\/\/nublo.tv\/index.php\/wp-json\/wp\/v2\/posts\/11774","targetHints":{"allow":["GET"]}}],"collection":[{"href":"https:\/\/nublo.tv\/index.php\/wp-json\/wp\/v2\/posts"}],"about":[{"href":"https:\/\/nublo.tv\/index.php\/wp-json\/wp\/v2\/types\/post"}],"author":[{"embeddable":true,"href":"https:\/\/nublo.tv\/index.php\/wp-json\/wp\/v2\/users\/1"}],"replies":[{"embeddable":true,"href":"https:\/\/nublo.tv\/index.php\/wp-json\/wp\/v2\/comments?post=11774"}],"version-history":[{"count":2,"href":"https:\/\/nublo.tv\/index.php\/wp-json\/wp\/v2\/posts\/11774\/revisions"}],"predecessor-version":[{"id":11791,"href":"https:\/\/nublo.tv\/index.php\/wp-json\/wp\/v2\/posts\/11774\/revisions\/11791"}],"wp:featuredmedia":[{"embeddable":true,"href":"https:\/\/nublo.tv\/index.php\/wp-json\/wp\/v2\/media\/11787"}],"wp:attachment":[{"href":"https:\/\/nublo.tv\/index.php\/wp-json\/wp\/v2\/media?parent=11774"}],"wp:term":[{"taxonomy":"category","embeddable":true,"href":"https:\/\/nublo.tv\/index.php\/wp-json\/wp\/v2\/categories?post=11774"},{"taxonomy":"post_tag","embeddable":true,"href":"https:\/\/nublo.tv\/index.php\/wp-json\/wp\/v2\/tags?post=11774"}],"curies":[{"name":"wp","href":"https:\/\/api.w.org\/{rel}","templated":true}]}}