{"id":11776,"date":"2026-08-27T15:55:14","date_gmt":"2026-08-27T14:55:14","guid":{"rendered":"https:\/\/nublo.tv\/?p=11776"},"modified":"2026-08-27T15:55:14","modified_gmt":"2026-08-27T14:55:14","slug":"la-revista-de-la-fiesta-del-pino-2026-estara-disponible-este-viernes","status":"publish","type":"post","link":"https:\/\/nublo.tv\/index.php\/2026\/08\/27\/la-revista-de-la-fiesta-del-pino-2026-estara-disponible-este-viernes\/","title":{"rendered":"La revista de la Fiesta del Pino 2026 estar\u00e1 disponible este viernes"},"content":{"rendered":"<p><strong>El Ayuntamiento de Teror pone a disposici\u00f3n de la ciudadan\u00eda, a partir de las 10:00 horas de este viernes 28 de agosto, la revista de la Fiesta del Pino 2026, que podr\u00e1 retirarse de forma gratuita en diversos puntos del municipio.<\/strong><\/p>\n<p>La publicaci\u00f3n podr\u00e1 recogerse en las Oficinas Municipales, la Oficina de Informaci\u00f3n Tur\u00edstica, la Biblioteca Municipal, Servicios Sociales, el Polideportivo y la Piscina municipal, as\u00ed como en las gasolineras del Casco. Asimismo, la revista se distribuir\u00e1 en establecimientos de los barrios del municipio entre el viernes y el pr\u00f3ximo lunes. De forma paralela, el programa estar\u00e1 disponible para su descarga en formato PDF a trav\u00e9s de la web www.fiestadelpino.teror.es a partir de este viernes.<\/p>\n<h3>Pases de veh\u00edculos<\/h3>\n<p>Las p\u00e1ginas centrales de la revista incluyen los pases de veh\u00edculos \u2018Residente\u2019, para vecinos del municipio, y \u2018El Hoyo\u2019, para los residentes de dicho barrio. Estos pases deber\u00e1n ser recortados y cumplimentados para su colocaci\u00f3n en una parte visible del veh\u00edculo.<\/p>\n<p>Aquellas personas que requieran \u00fanicamente el pase de veh\u00edculo y no la revista completa podr\u00e1n retirarlo directamente en las Oficinas Municipales del Ayuntamiento de Teror.<\/p>\n","protected":false},"excerpt":{"rendered":"<p>A partir de las 10:00 horas puede recogerse en Oficinas Municipales, Oficina de Turismo, Polideportivo municipal, Biblioteca y Servicios Sociales. Adem\u00e1s se distribuir\u00e1n en algunos establecimientos de los barrios del&hellip;<\/p>\n","protected":false},"author":1,"featured_media":11785,"comment_status":"open","ping_status":"open","sticky":false,"template":"","format":"standard","meta":{"wpai_generated_summary":"","wpai_meta_description":"","footnotes":""},"categories":[141],"tags":[],"class_list":["post-11776","post","type-post","status-publish","format-standard","has-post-thumbnail","hentry","category-ayuntamiento-de-teror"],"_links":{"self":[{"href":"https:\/\/nublo.tv\/index.php\/wp-json\/wp\/v2\/posts\/11776","targetHints":{"allow":["GET"]}}],"collection":[{"href":"https:\/\/nublo.tv\/index.php\/wp-json\/wp\/v2\/posts"}],"about":[{"href":"https:\/\/nublo.tv\/index.php\/wp-json\/wp\/v2\/types\/post"}],"author":[{"embeddable":true,"href":"https:\/\/nublo.tv\/index.php\/wp-json\/wp\/v2\/users\/1"}],"replies":[{"embeddable":true,"href":"https:\/\/nublo.tv\/index.php\/wp-json\/wp\/v2\/comments?post=11776"}],"version-history":[{"count":2,"href":"https:\/\/nublo.tv\/index.php\/wp-json\/wp\/v2\/posts\/11776\/revisions"}],"predecessor-version":[{"id":11790,"href":"https:\/\/nublo.tv\/index.php\/wp-json\/wp\/v2\/posts\/11776\/revisions\/11790"}],"wp:featuredmedia":[{"embeddable":true,"href":"https:\/\/nublo.tv\/index.php\/wp-json\/wp\/v2\/media\/11785"}],"wp:attachment":[{"href":"https:\/\/nublo.tv\/index.php\/wp-json\/wp\/v2\/media?parent=11776"}],"wp:term":[{"taxonomy":"category","embeddable":true,"href":"https:\/\/nublo.tv\/index.php\/wp-json\/wp\/v2\/categories?post=11776"},{"taxonomy":"post_tag","embeddable":true,"href":"https:\/\/nublo.tv\/index.php\/wp-json\/wp\/v2\/tags?post=11776"}],"curies":[{"name":"wp","href":"https:\/\/api.w.org\/{rel}","templated":true}]}}