{"id":11778,"date":"2026-08-27T15:55:04","date_gmt":"2026-08-27T14:55:04","guid":{"rendered":"https:\/\/nublo.tv\/?p=11778"},"modified":"2026-08-27T15:55:04","modified_gmt":"2026-08-27T14:55:04","slug":"el-cabildo-de-gran-canaria-invierte-16-millones-de-euros-en-la-mejora-y-modernizacion-del-jardin-botanico-viera-y-clavijo","status":"publish","type":"post","link":"https:\/\/nublo.tv\/index.php\/2026\/08\/27\/el-cabildo-de-gran-canaria-invierte-16-millones-de-euros-en-la-mejora-y-modernizacion-del-jardin-botanico-viera-y-clavijo\/","title":{"rendered":"El Cabildo de Gran Canaria invierte 1,6 millones de euros en la mejora y modernizaci\u00f3n del Jard\u00edn Bot\u00e1nico Viera y Clavijo"},"content":{"rendered":"<p><strong>El Cabildo de Gran Canaria, mediante la Consejer\u00eda de Medio Ambiente, Clima, Energ\u00eda y Conocimiento, ha iniciado una serie de actuaciones en el Jard\u00edn Bot\u00e1nico Viera y Clavijo con una inversi\u00f3n total de 1.641.321,07 euros para estabilizar taludes, renovar los viveros y mejorar la eficiencia energ\u00e9tica del centro.<\/strong><\/p>\n<h3>Seguridad y obras de emergencia<\/h3>\n<p>La primera intervenci\u00f3n cuenta con un presupuesto de 389.614,49 euros y un plazo de ejecuci\u00f3n de tres meses y medio, orientado a la estabilizaci\u00f3n de los taludes afectados por la borrasca Therese. El objetivo de los trabajos es mitigar el riesgo de desprendimientos y rehabilitar el recorrido circular que conecta las zonas alta y baja del recinto.<\/p>\n<p>El proyecto emplea drones para labores de fotogrametr\u00eda, adem\u00e1s de incluir el desbroce, la limpieza de taludes, el saneo manual de rocas inestables y la instalaci\u00f3n de mallas y redes de cable de acero. Estas medidas buscan proteger los caminos hist\u00f3ricos, el mobiliario, las redes de riego y las colecciones bot\u00e1nicas.<\/p>\n<h3>Modernizaci\u00f3n de viveros y sostenibilidad<\/h3>\n<p>La segunda actuaci\u00f3n, con un presupuesto de 1.251.706,58 euros y ocho meses de plazo, consiste en la renovaci\u00f3n integral de la zona de viveros. Esta obra permitir\u00e1 trasladar la reproducci\u00f3n de plantas a una nueva \u00e1rea t\u00e9cnica, segregada del p\u00fablico, con el fin de favorecer la conservaci\u00f3n de especies end\u00e9micas amenazadas y mejorar las condiciones de trabajo.<\/p>\n<p>El consejero de Medio Ambiente, Ra\u00fal Garc\u00eda Brink, ha manifestado que estas obras permitir\u00e1n normalizar el acceso a los senderos y actualizar las instalaciones, mientras que el director del Jard\u00edn, Juli Caujap\u00e9-Castells, ha se\u00f1alado que estas intervenciones reforzar\u00e1n las capacidades cient\u00edficas, t\u00e9cnicas y educativas del centro.<\/p>\n<p>De forma paralela, se ejecuta un proyecto de eficiencia energ\u00e9tica que incluye la instalaci\u00f3n de 540 m\u00f3dulos fotovoltaicos de 410 Wp sobre las oficinas, alcanzando una potencia pico de 221,4 kilovatios. Esta infraestructura, que incorpora dos bater\u00edas de acumulaci\u00f3n de 400 kilovatios hora, cubrir\u00e1 el 92% de la demanda el\u00e9ctrica del recinto y se estima que evitar\u00e1 la emisi\u00f3n de 282 toneladas de CO2 al a\u00f1o.<\/p>\n","protected":false},"excerpt":{"rendered":"<p>El Cabildo destina 1,6 millones de euros para mejorar la seguridad y modernizar el Jard\u00edn Canario Las actuaciones incluyen obras de emergencia tras los da\u00f1os provocados por la borrasca Therese&hellip;<\/p>\n","protected":false},"author":1,"featured_media":11779,"comment_status":"open","ping_status":"open","sticky":false,"template":"","format":"standard","meta":{"wpai_generated_summary":"","wpai_meta_description":"","footnotes":""},"categories":[148],"tags":[],"class_list":["post-11778","post","type-post","status-publish","format-standard","has-post-thumbnail","hentry","category-cabildo-de-gran-canaria"],"_links":{"self":[{"href":"https:\/\/nublo.tv\/index.php\/wp-json\/wp\/v2\/posts\/11778","targetHints":{"allow":["GET"]}}],"collection":[{"href":"https:\/\/nublo.tv\/index.php\/wp-json\/wp\/v2\/posts"}],"about":[{"href":"https:\/\/nublo.tv\/index.php\/wp-json\/wp\/v2\/types\/post"}],"author":[{"embeddable":true,"href":"https:\/\/nublo.tv\/index.php\/wp-json\/wp\/v2\/users\/1"}],"replies":[{"embeddable":true,"href":"https:\/\/nublo.tv\/index.php\/wp-json\/wp\/v2\/comments?post=11778"}],"version-history":[{"count":3,"href":"https:\/\/nublo.tv\/index.php\/wp-json\/wp\/v2\/posts\/11778\/revisions"}],"predecessor-version":[{"id":11788,"href":"https:\/\/nublo.tv\/index.php\/wp-json\/wp\/v2\/posts\/11778\/revisions\/11788"}],"wp:featuredmedia":[{"embeddable":true,"href":"https:\/\/nublo.tv\/index.php\/wp-json\/wp\/v2\/media\/11779"}],"wp:attachment":[{"href":"https:\/\/nublo.tv\/index.php\/wp-json\/wp\/v2\/media?parent=11778"}],"wp:term":[{"taxonomy":"category","embeddable":true,"href":"https:\/\/nublo.tv\/index.php\/wp-json\/wp\/v2\/categories?post=11778"},{"taxonomy":"post_tag","embeddable":true,"href":"https:\/\/nublo.tv\/index.php\/wp-json\/wp\/v2\/tags?post=11778"}],"curies":[{"name":"wp","href":"https:\/\/api.w.org\/{rel}","templated":true}]}}