{"id":118,"date":"2026-08-04T17:37:06","date_gmt":"2026-08-04T16:37:06","guid":{"rendered":"https:\/\/nublo.tv\/?p=118"},"modified":"2026-08-04T17:37:06","modified_gmt":"2026-08-04T16:37:06","slug":"presentado-el-proyecto-envejecimiento-activo-y-saludable-para-mayores-del-municipio-de-ingenio","status":"publish","type":"post","link":"https:\/\/nublo.tv\/index.php\/2026\/08\/04\/presentado-el-proyecto-envejecimiento-activo-y-saludable-para-mayores-del-municipio-de-ingenio\/","title":{"rendered":"Presentado el proyecto \u00abEnvejecimiento Activo y Saludable para Mayores del Municipio de Ingenio\u00bb"},"content":{"rendered":"<p>El Ayuntamiento de Ingenio, a trav\u00e9s de la Concejal\u00eda de Mayores y en colaboraci\u00f3n con Cruz Roja Espa\u00f1ola, presentaba en la ma\u00f1ana de este jueves, 23 de julio, el proyecto \u00abEnvejecimiento Activo y Saludable para Mayores del Municipio de Ingenio\u00bb, una iniciativa que se desarrollar\u00e1 hasta el 31 de diciembre de 2026 con el objetivo de promover el bienestar, la autonom\u00eda personal y la participaci\u00f3n activa de las personas mayores del municipio.<\/p>\n<p>El proyecto contempla una amplia programaci\u00f3n de talleres, actividades grupales, acciones de promoci\u00f3n de h\u00e1bitos saludables, estimulaci\u00f3n cognitiva, salidas culturales, actividades de ocio y espacios de convivencia, orientados a favorecer un envejecimiento activo y saludable, prevenir situaciones de soledad no deseada y fortalecer las relaciones sociales.<\/p>\n<p>Con este proyecto, la Concejal\u00eda de Mayores \u00abreafirma su compromiso con la promoci\u00f3n del envejecimiento activo y saludable, impulsando nuevas actuaciones que ampl\u00edan y refuerzan la oferta de actividades dirigidas a las personas mayores del municipio,\u00bb ha expresado la responsable del \u00e1rea, Catalina S\u00e1nchez.<\/p>\n<p>Durante la presentaci\u00f3n se dieron a conocer los objetivos del proyecto, la programaci\u00f3n prevista y el procedimiento de participaci\u00f3n, invitando a las personas mayores de Ingenio y El Carrizal a formar parte de esta iniciativa que contribuir\u00e1 a mejorar su calidad de vida y favorecer una participaci\u00f3n activa en la comunidad.<\/p>\n","protected":false},"excerpt":{"rendered":"<p>El Ayuntamiento de Ingenio, a trav\u00e9s de la Concejal\u00eda de Mayores y en colaboraci\u00f3n con Cruz Roja Espa\u00f1ola, presentaba en la ma\u00f1ana de este jueves, 23 de julio, el proyecto&hellip;<\/p>\n","protected":false},"author":14,"featured_media":119,"comment_status":"open","ping_status":"open","sticky":false,"template":"","format":"standard","meta":{"wpai_generated_summary":"","wpai_meta_description":"","footnotes":""},"categories":[130],"tags":[],"class_list":["post-118","post","type-post","status-publish","format-standard","has-post-thumbnail","hentry","category-ayuntamiento-de-ingenio"],"_links":{"self":[{"href":"https:\/\/nublo.tv\/index.php\/wp-json\/wp\/v2\/posts\/118","targetHints":{"allow":["GET"]}}],"collection":[{"href":"https:\/\/nublo.tv\/index.php\/wp-json\/wp\/v2\/posts"}],"about":[{"href":"https:\/\/nublo.tv\/index.php\/wp-json\/wp\/v2\/types\/post"}],"author":[{"embeddable":true,"href":"https:\/\/nublo.tv\/index.php\/wp-json\/wp\/v2\/users\/14"}],"replies":[{"embeddable":true,"href":"https:\/\/nublo.tv\/index.php\/wp-json\/wp\/v2\/comments?post=118"}],"version-history":[{"count":1,"href":"https:\/\/nublo.tv\/index.php\/wp-json\/wp\/v2\/posts\/118\/revisions"}],"predecessor-version":[{"id":587,"href":"https:\/\/nublo.tv\/index.php\/wp-json\/wp\/v2\/posts\/118\/revisions\/587"}],"wp:featuredmedia":[{"embeddable":true,"href":"https:\/\/nublo.tv\/index.php\/wp-json\/wp\/v2\/media\/119"}],"wp:attachment":[{"href":"https:\/\/nublo.tv\/index.php\/wp-json\/wp\/v2\/media?parent=118"}],"wp:term":[{"taxonomy":"category","embeddable":true,"href":"https:\/\/nublo.tv\/index.php\/wp-json\/wp\/v2\/categories?post=118"},{"taxonomy":"post_tag","embeddable":true,"href":"https:\/\/nublo.tv\/index.php\/wp-json\/wp\/v2\/tags?post=118"}],"curies":[{"name":"wp","href":"https:\/\/api.w.org\/{rel}","templated":true}]}}