{"id":1181,"date":"2026-08-05T14:37:32","date_gmt":"2026-08-05T13:37:32","guid":{"rendered":"https:\/\/nublo.tv\/?p=1181"},"modified":"2026-08-05T15:23:44","modified_gmt":"2026-08-05T14:23:44","slug":"la-policia-local-detiene-en-puerto-rico-a-un-hombre-por-hurto-y-a-otro-en-busqueda-y-captura","status":"publish","type":"post","link":"https:\/\/nublo.tv\/index.php\/2026\/08\/05\/la-policia-local-detiene-en-puerto-rico-a-un-hombre-por-hurto-y-a-otro-en-busqueda-y-captura\/","title":{"rendered":"La Polic\u00eda Local detiene en Puerto Rico a un hombre por hurto y a otro en b\u00fasqueda y captura"},"content":{"rendered":"<p>La Polic\u00eda Local de Mog\u00e1n contin\u00faa reforzando su labor preventiva y de seguridad ciudadana, con especial incidencia en las principales zonas tur\u00edsticas del municipio. Estas actuaciones permitieron en los \u00faltimos d\u00edas la detenci\u00f3n de una persona sobre la que pesaba una orden judicial de b\u00fasqueda, detenci\u00f3n y personaci\u00f3n, as\u00ed como la detenci\u00f3n de otro individuo por un presunto delito de hurto en un supermercado. Ambas en Puerto Rico.<\/p>\n<p>La primera intervenci\u00f3n tuvo lugar sobre las 21:30 horas del domingo 2 de agosto, durante un dispositivo est\u00e1tico de control de veh\u00edculos en la avenida Las Palmeras de Puerto Rico. Los agentes dieron el alto a una furgoneta de cuyo interior proced\u00eda un fuerte olor a marihuana, circunstancia que motiv\u00f3 la inspecci\u00f3n tanto del veh\u00edculo y la identificaci\u00f3n de sus ocupantes.<\/p>\n<p>Al comprobar la identidad de uno de ellos a trav\u00e9s de las bases de datos policiales, los agentes verificaron que sobre esta persona pesaba una orden judicial de b\u00fasqueda, detenci\u00f3n y personaci\u00f3n en vigor, dictada por un juzgado de Las Palmas de Gran Canaria. De este modo, procedieron a su detenci\u00f3n y traslado las dependencias policiales para la instrucci\u00f3n de las diligencias, siendo posteriormente puesto a disposici\u00f3n de la Guardia Civil.<\/p>\n<p>La segunda actuaci\u00f3n se produjo a pasadas las 12:30 horas del lunes 3 de agosto, cuando la sala operativa de la Polic\u00eda Local recibi\u00f3 un aviso por un presunto hurto en un supermercado situado en las inmediaciones de la playa de Puerto Rico.<\/p>\n<p>Un agente de la Unidad de Tr\u00e1fico fue requerido por el conductor de un veh\u00edculo de reparto, quien inform\u00f3 que dos individuos se encontraban en una parada de guaguas pr\u00f3xima y que uno de ellos acababa de abandonar el establecimiento tras sustraer diversos productos. De inmediato se desplazaron al lugar varios agentes, que localizaron a dos personas, una de las cuales coincid\u00eda plenamente con la descripci\u00f3n facilitada tanto por el testigo como por el personal del supermercado.<\/p>\n<p>Tras inspeccionar la bolsa que portaba el sospechoso, los agentes recuperaron diversos art\u00edculos, entre ellos varias botellas de bebidas alcoh\u00f3licas, que fueron reconocidos por el responsable del establecimiento como pertenecientes al supermercado. Los efectos fueron restituidos y se instruyeron diligencias por un presunto delito leve de hurto, que fueron remitidas a la Guardia Civil para la continuaci\u00f3n de la investigaci\u00f3n.<\/p>\n<p>La Polic\u00eda Local de Mog\u00e1n destaca que estas actuaciones reflejan la eficacia del trabajo preventivo que desarrolla de forma permanente en las zonas de mayor afluencia del municipio. Asimismo, subraya la importancia de la colaboraci\u00f3n ciudadana y la r\u00e1pida respuesta policial.<\/p>\n","protected":false},"excerpt":{"rendered":"<p>La Polic\u00eda Local de Mog\u00e1n contin\u00faa reforzando su labor preventiva y de seguridad ciudadana, con especial incidencia en las principales zonas tur\u00edsticas del municipio. Estas actuaciones permitieron en los \u00faltimos d\u00edas la detenci\u00f3n de una persona sobre la que pesaba una orden judicial de b\u00fasqueda, detenci\u00f3n y personaci\u00f3n, as\u00ed como la detenci\u00f3n de otro individuo [&hellip;]<\/p>\n","protected":false},"author":1,"featured_media":1230,"comment_status":"open","ping_status":"open","sticky":false,"template":"","format":"standard","meta":{"wpai_generated_summary":"","wpai_meta_description":"","footnotes":""},"categories":[133],"tags":[],"class_list":["post-1181","post","type-post","status-publish","format-standard","has-post-thumbnail","hentry","category-ayuntamiento-de-mogan"],"_links":{"self":[{"href":"https:\/\/nublo.tv\/index.php\/wp-json\/wp\/v2\/posts\/1181","targetHints":{"allow":["GET"]}}],"collection":[{"href":"https:\/\/nublo.tv\/index.php\/wp-json\/wp\/v2\/posts"}],"about":[{"href":"https:\/\/nublo.tv\/index.php\/wp-json\/wp\/v2\/types\/post"}],"author":[{"embeddable":true,"href":"https:\/\/nublo.tv\/index.php\/wp-json\/wp\/v2\/users\/1"}],"replies":[{"embeddable":true,"href":"https:\/\/nublo.tv\/index.php\/wp-json\/wp\/v2\/comments?post=1181"}],"version-history":[{"count":1,"href":"https:\/\/nublo.tv\/index.php\/wp-json\/wp\/v2\/posts\/1181\/revisions"}],"predecessor-version":[{"id":1195,"href":"https:\/\/nublo.tv\/index.php\/wp-json\/wp\/v2\/posts\/1181\/revisions\/1195"}],"wp:featuredmedia":[{"embeddable":true,"href":"https:\/\/nublo.tv\/index.php\/wp-json\/wp\/v2\/media\/1230"}],"wp:attachment":[{"href":"https:\/\/nublo.tv\/index.php\/wp-json\/wp\/v2\/media?parent=1181"}],"wp:term":[{"taxonomy":"category","embeddable":true,"href":"https:\/\/nublo.tv\/index.php\/wp-json\/wp\/v2\/categories?post=1181"},{"taxonomy":"post_tag","embeddable":true,"href":"https:\/\/nublo.tv\/index.php\/wp-json\/wp\/v2\/tags?post=1181"}],"curies":[{"name":"wp","href":"https:\/\/api.w.org\/{rel}","templated":true}]}}