{"id":12,"date":"2026-08-04T17:32:55","date_gmt":"2026-08-04T16:32:55","guid":{"rendered":"https:\/\/nublo.tv\/?p=12"},"modified":"2026-08-04T17:32:55","modified_gmt":"2026-08-04T16:32:55","slug":"la-escuela-infantil-de-san-isidro-despide-el-curso-con-una-emotiva-fiesta-junto-a-las-familias","status":"publish","type":"post","link":"https:\/\/nublo.tv\/index.php\/2026\/08\/04\/la-escuela-infantil-de-san-isidro-despide-el-curso-con-una-emotiva-fiesta-junto-a-las-familias\/","title":{"rendered":"La Escuela Infantil de San Isidro despide el curso con una emotiva fiesta junto a las familias"},"content":{"rendered":"<p>La Escuela Infantil de San Isidro celebr\u00f3 en la tarde de este jueves el acto de clausura del curso 2025-2026 con una entra\u00f1able jornada en el Centro Cultural Guaires, donde alumnado, familias y personal educativo compartieron una tarde repleta de m\u00fasica, baile y emoci\u00f3n para poner el broche final a un a\u00f1o lleno de aprendizaje y experiencias. La celebraci\u00f3n continu\u00f3 posteriormente en el Polideportivo Juan Vega Mateos con una merienda y castillos hinchables para los m\u00e1s peque\u00f1os.<\/p>\n<p>La gala estuvo presentada por Aridia Ramos y Antonio Ossorio, quienes adem\u00e1s amenizaron la velada con distintas interpretaciones musicales. El protagonismo recay\u00f3 en los ni\u00f1os y ni\u00f1as de la Escuela Infantil, que ofrecieron varias actuaciones preparadas junto a sus educadoras Eva, Carmen Delia y Tania, recibiendo el cari\u00f1o y los aplausos de un auditorio entregado. Durante el acto tambi\u00e9n se proyect\u00f3 un v\u00eddeo con im\u00e1genes que recorrieron algunos de los momentos m\u00e1s especiales vividos a lo largo del curso.<\/p>\n<p>Uno de los instantes m\u00e1s divertidos lleg\u00f3 con la actuaci\u00f3n sorpresa de un grupo de madres y padres, que subieron al escenario con una coreograf\u00eda inspirada en La Rama y acompa\u00f1ados por papag\u00fcevos, despertando las risas y el entusiasmo del p\u00fablico. Adem\u00e1s, m\u00e1s de cuarenta ni\u00f1os y ni\u00f1as recibieron su orla como recuerdo del final de su paso por la Escuela Infantil y del comienzo de una nueva etapa educativa en los centros del municipio.<\/p>\n<p>El alcalde de la ciudad, Teodoro Sosa, y la concejala de Educaci\u00f3n, Rita Cabrera, felicitaron a las familias, al alumnado y al equipo educativo por el trabajo realizado durante todo el curso, destacando el papel que desempe\u00f1a la Escuela Infantil de San Isidro en la educaci\u00f3n y el desarrollo de los m\u00e1s peque\u00f1os. Junto a otros miembros de la Corporaci\u00f3n municipal y a la directora del centro, Pepa Santiago, hicieron entrega de un obsequio personalizado a cada uno de los ni\u00f1os y ni\u00f1as que culminan esta etapa.<\/p>\n","protected":false},"excerpt":{"rendered":"<p>La Escuela Infantil de San Isidro celebr\u00f3 en la tarde de este jueves el acto de clausura del curso 2025-2026 con una entra\u00f1able jornada en el Centro Cultural Guaires, donde&hellip;<\/p>\n","protected":false},"author":2,"featured_media":13,"comment_status":"open","ping_status":"open","sticky":false,"template":"","format":"standard","meta":{"wpai_generated_summary":"","wpai_meta_description":"","footnotes":""},"categories":[129],"tags":[],"class_list":["post-12","post","type-post","status-publish","format-standard","has-post-thumbnail","hentry","category-ayuntamiento-de-galdar"],"_links":{"self":[{"href":"https:\/\/nublo.tv\/index.php\/wp-json\/wp\/v2\/posts\/12","targetHints":{"allow":["GET"]}}],"collection":[{"href":"https:\/\/nublo.tv\/index.php\/wp-json\/wp\/v2\/posts"}],"about":[{"href":"https:\/\/nublo.tv\/index.php\/wp-json\/wp\/v2\/types\/post"}],"author":[{"embeddable":true,"href":"https:\/\/nublo.tv\/index.php\/wp-json\/wp\/v2\/users\/2"}],"replies":[{"embeddable":true,"href":"https:\/\/nublo.tv\/index.php\/wp-json\/wp\/v2\/comments?post=12"}],"version-history":[{"count":1,"href":"https:\/\/nublo.tv\/index.php\/wp-json\/wp\/v2\/posts\/12\/revisions"}],"predecessor-version":[{"id":492,"href":"https:\/\/nublo.tv\/index.php\/wp-json\/wp\/v2\/posts\/12\/revisions\/492"}],"wp:featuredmedia":[{"embeddable":true,"href":"https:\/\/nublo.tv\/index.php\/wp-json\/wp\/v2\/media\/13"}],"wp:attachment":[{"href":"https:\/\/nublo.tv\/index.php\/wp-json\/wp\/v2\/media?parent=12"}],"wp:term":[{"taxonomy":"category","embeddable":true,"href":"https:\/\/nublo.tv\/index.php\/wp-json\/wp\/v2\/categories?post=12"},{"taxonomy":"post_tag","embeddable":true,"href":"https:\/\/nublo.tv\/index.php\/wp-json\/wp\/v2\/tags?post=12"}],"curies":[{"name":"wp","href":"https:\/\/api.w.org\/{rel}","templated":true}]}}