{"id":120,"date":"2026-08-04T17:37:41","date_gmt":"2026-08-04T16:37:41","guid":{"rendered":"https:\/\/nublo.tv\/?p=120"},"modified":"2026-08-04T17:37:41","modified_gmt":"2026-08-04T16:37:41","slug":"ingenio-abre-sus-brazos-al-mundo-y-da-la-bienvenida-a-las-embajadas-culturales-del-xxxi-festival-internacional-de-folclore","status":"publish","type":"post","link":"https:\/\/nublo.tv\/index.php\/2026\/08\/04\/ingenio-abre-sus-brazos-al-mundo-y-da-la-bienvenida-a-las-embajadas-culturales-del-xxxi-festival-internacional-de-folclore\/","title":{"rendered":"Ingenio abre sus brazos al mundo y da la bienvenida a las embajadas culturales del XXXI Festival Internacional de Folclore"},"content":{"rendered":"<p dir=\"ltr\">22\/07\/25 M\u00e1s de una veintena de horas de viaje para unos, la emoci\u00f3n de regresar a unas ra\u00edces familiares para otros y la ilusi\u00f3n compartida de mostrar al mundo la riqueza de sus tradiciones. As\u00ed comenz\u00f3 este mi\u00e9rcoles el encuentro entre culturas que cada verano convierte a la Villa de Ingenio en un peque\u00f1o mapa del mundo. El Sal\u00f3n de Plenos del Ayuntamiento acogi\u00f3 la recepci\u00f3n oficial a las delegaciones que participan en la XXXI edici\u00f3n del Festival Internacional de Folclore Villa de Ingenio \u2018Muestra Solidaria de los Pueblos\u2019, organizada por la Asociaci\u00f3n Cultural Coros y Danzas de Ingenio. Una bienvenida que reuni\u00f3 a representantes de Armenia, Bulgaria, Costa de Marfil, Grecia, Puerto Rico, Taiw\u00e1n y Coros y Danzas de Ronda en M\u00e1laga, antes del inicio de los actos centrales del festival.<\/p>\n<p dir=\"ltr\">La alcaldesa de Ingenio, Vanesa Mart\u00edn, recibi\u00f3 a los integrantes de las distintas embajadas culturales destacando que el municipio vive con orgullo sus tradiciones, pero tambi\u00e9n con la vocaci\u00f3n de abrirse al mundo. \u00abHoy recibimos con enorme cari\u00f1o a personas que han recorrido miles de kil\u00f3metros para compartir con nosotros su m\u00fasica, su danza y su cultura. Queremos que durante estos d\u00edas sientan que Ingenio tambi\u00e9n es su casa\u00bb, afirm\u00f3. Mart\u00edn record\u00f3 que el Festival Internacional de Folclore trasciende el escenario para convertirse en un aut\u00e9ntico espacio de convivencia donde \u00abla cultura derriba barreras y demuestra que la m\u00fasica y la danza hablan un idioma universal capaz de unir a los pueblos\u00bb.<\/p>\n<p dir=\"ltr\">En la misma l\u00ednea se expres\u00f3 el presidente de Coros y Danzas de Ingenio y director del festival, David Castellano, quien record\u00f3 que las agrupaciones participantes representan\u00a0mucho m\u00e1s que un espect\u00e1culo art\u00edstico. \u00abNo son \u00fanicamente grupos de m\u00fasica y danza; son depositarios de un legado transmitido de generaci\u00f3n en generaci\u00f3n. El folclore no pertenece al pasado, es un patrimonio vivo que sigue evolucionando y una herramienta extraordinaria para fomentar la tolerancia, el respeto y el entendimiento entre los pueblos.\u00bb La concejala de Patrimonio Cultural y Desarrollo Etnogr\u00e1fico, Catalina S\u00e1nchez, agradeci\u00f3 el compromiso del centenar de personas voluntarias que hacen posible cada edici\u00f3n del festival y explic\u00f3 que el Ayuntamiento quiso que las delegaciones se llevaran un recuerdo profundamente ligado a la identidad del municipio. \u00abCada detalle de este recibimiento pretende ser un peque\u00f1o abrazo a quienes nos visitan. Por eso hemos querido obsequiarles con una pieza de calado, una artesan\u00eda que forma parte de la historia y del alma de Ingenio.\u00bb<\/p>\n<p dir=\"ltr\">Las distintas embajadas culturales coincidieron en agradecer la acogida recibida en la Villa de Ingenio y la oportunidad de participar en un festival que consideran un aut\u00e9ntico punto de encuentro entre pueblos. Desde Taiw\u00e1n, tras m\u00e1s de veinte horas de viaje, destacaron que la m\u00fasica y la danza constituyen un lenguaje universal capaz de superar cualquier barrera. Puerto Rico asegur\u00f3 sentirse \u00abcomo en casa\u00bb por los profundos v\u00ednculos hist\u00f3ricos y humanos que unen a ambos territorios, mientras que Bulgaria, Grecia, Armenia, Costa de Marfil y Ronda expresaron su ilusi\u00f3n por compartir con el p\u00fablico canario una parte de la historia, las tradiciones y el patrimonio cultural de sus respectivos pa\u00edses.<\/p>\n<p dir=\"ltr\">Tras el acto institucional, las delegaciones realizaron un recorrido por el casco hist\u00f3rico del municipio, donde comenzaron a descubrir el patrimonio y la historia de la Villa antes de compartir escenario durante los pr\u00f3ximos d\u00edas.<\/p>\n","protected":false},"excerpt":{"rendered":"<p>22\/07\/25 M\u00e1s de una veintena de horas de viaje para unos, la emoci\u00f3n de regresar a unas ra\u00edces familiares para otros y la ilusi\u00f3n compartida de mostrar al mundo la&hellip;<\/p>\n","protected":false},"author":14,"featured_media":121,"comment_status":"open","ping_status":"open","sticky":false,"template":"","format":"standard","meta":{"wpai_generated_summary":"","wpai_meta_description":"","footnotes":""},"categories":[130],"tags":[],"class_list":["post-120","post","type-post","status-publish","format-standard","has-post-thumbnail","hentry","category-ayuntamiento-de-ingenio"],"_links":{"self":[{"href":"https:\/\/nublo.tv\/index.php\/wp-json\/wp\/v2\/posts\/120","targetHints":{"allow":["GET"]}}],"collection":[{"href":"https:\/\/nublo.tv\/index.php\/wp-json\/wp\/v2\/posts"}],"about":[{"href":"https:\/\/nublo.tv\/index.php\/wp-json\/wp\/v2\/types\/post"}],"author":[{"embeddable":true,"href":"https:\/\/nublo.tv\/index.php\/wp-json\/wp\/v2\/users\/14"}],"replies":[{"embeddable":true,"href":"https:\/\/nublo.tv\/index.php\/wp-json\/wp\/v2\/comments?post=120"}],"version-history":[{"count":1,"href":"https:\/\/nublo.tv\/index.php\/wp-json\/wp\/v2\/posts\/120\/revisions"}],"predecessor-version":[{"id":595,"href":"https:\/\/nublo.tv\/index.php\/wp-json\/wp\/v2\/posts\/120\/revisions\/595"}],"wp:featuredmedia":[{"embeddable":true,"href":"https:\/\/nublo.tv\/index.php\/wp-json\/wp\/v2\/media\/121"}],"wp:attachment":[{"href":"https:\/\/nublo.tv\/index.php\/wp-json\/wp\/v2\/media?parent=120"}],"wp:term":[{"taxonomy":"category","embeddable":true,"href":"https:\/\/nublo.tv\/index.php\/wp-json\/wp\/v2\/categories?post=120"},{"taxonomy":"post_tag","embeddable":true,"href":"https:\/\/nublo.tv\/index.php\/wp-json\/wp\/v2\/tags?post=120"}],"curies":[{"name":"wp","href":"https:\/\/api.w.org\/{rel}","templated":true}]}}