{"id":1212,"date":"2026-08-05T15:09:45","date_gmt":"2026-08-05T14:09:45","guid":{"rendered":"https:\/\/nublo.tv\/?p=1212"},"modified":"2026-08-05T22:15:52","modified_gmt":"2026-08-05T21:15:52","slug":"el-xxxiii-festival-nacional-de-folklore-isla-de-gran-canaria-llena-de-tradicion-y-cultura-la-plaza-grande-de-guia-en-una-brillante-clausura","status":"publish","type":"post","link":"https:\/\/nublo.tv\/index.php\/2026\/08\/05\/el-xxxiii-festival-nacional-de-folklore-isla-de-gran-canaria-llena-de-tradicion-y-cultura-la-plaza-grande-de-guia-en-una-brillante-clausura\/","title":{"rendered":"El XXXIII Festival Nacional de Folklore Isla de Gran Canaria llena de tradici\u00f3n y cultura la Plaza Grande de Gu\u00eda en una brillante clausura (VIDEO)"},"content":{"rendered":"<p>\u2022 <strong>Las agrupaciones de C\u00e1ceres y Gran Canaria ofrecieron un espect\u00e1culo de gran calidad art\u00edstica que volvi\u00f3 a convertir a Gu\u00eda en punto de encuentro del folclore nacional<\/strong><br \/>\nLa Plaza Grande de Gu\u00eda de Gran Canaria acogi\u00f3 en la noche de este martes la jornada principal y clausura del XXXIII Festival Nacional de Folklore Isla de Gran Canaria, una edici\u00f3n que volvi\u00f3 a confirmar el prestigio y la consolidaci\u00f3n de este encuentro cultural, reuniendo a un numeroso p\u00fablico que disfrut\u00f3 de una velada marcada por la calidad art\u00edstica, el intercambio cultural y la defensa de las tradiciones.<br \/>\nEl escenario recibi\u00f3 las actuaciones del Grupo de Folklore La Serrana de Piornal, llegado desde C\u00e1ceres; la Agrupaci\u00f3n Folkl\u00f3rica San Crist\u00f3bal, de Las Palmas de Gran Canaria; y la Asociaci\u00f3n Cultural y Recreativa Estrella y Gu\u00eda, anfitriona del festival. Las tres formaciones ofrecieron un repertorio de gran nivel, poniendo en escena la riqueza musical, el colorido de sus indumentarias tradicionales y el valor etnogr\u00e1fico de sus respectivas tierras.<br \/>\nEl p\u00fablico respondi\u00f3 con calurosos aplausos a cada una de las actuaciones, reconociendo la entrega y el excelente trabajo de las agrupaciones participantes, que hicieron de la Plaza Grande de Gu\u00eda un espacio de convivencia y encuentro entre culturas a trav\u00e9s de la m\u00fasica y la danza tradicional.<br \/>\nLa clausura puso el broche de oro a una programaci\u00f3n que comenz\u00f3 el pasado domingo con la recepci\u00f3n oficial de los grupos en el Teatro Hesp\u00e9rides, el tradicional izado de las banderas de las comunidades participantes y una primera jornada de actuaciones y degustaci\u00f3n de productos t\u00edpicos que ya hab\u00eda despertado un gran inter\u00e9s entre vecinos y visitantes.<\/p>\n<p>Con esta trig\u00e9simo tercera edici\u00f3n, el Festival Nacional de Folklore Isla de Gran Canaria reafirma su papel como una de las grandes citas culturales de las fiestas en el municipio, contribuyendo a la conservaci\u00f3n y difusi\u00f3n del patrimonio musical y etnogr\u00e1fico y fortaleciendo los lazos de amistad entre agrupaciones procedentes de distintos puntos del pa\u00eds.<br \/>\nEl \u00e9xito de participaci\u00f3n y la extraordinaria calidad de las actuaciones vuelven a consolidar este festival como un referente del folclore tradicional, convirtiendo a Gu\u00eda en un escenario privilegiado para el encuentro, el intercambio cultural y la puesta en valor de las ra\u00edces que unen a los pueblos a trav\u00e9s de la m\u00fasica y la danza.<\/p>\n\n\n<div class=\"video-container\" style=\"position: relative; padding-bottom: 56.25%; height: 0; overflow: hidden; max-width: 100%; background: #000; border-radius: 8px;\">\n    <iframe src=\"https:\/\/www.youtube.com\/embed\/Nlb7d88COO4\" \n            title=\"XXXIII FESTIVAL NACIONAL DE FOLKLORE ISLA DE GRAN CANARIA\" \n            style=\"position: absolute; top: 0; left: 0; width: 100%; height: 100%; border: 0;\" \n            allow=\"accelerometer; autoplay; clipboard-write; encrypted-media; gyroscope; picture-in-picture; web-share\" \n            allowfullscreen>\n    <\/iframe>\n<\/div>\n\n","protected":false},"excerpt":{"rendered":"<p>\u2022 Las agrupaciones de C\u00e1ceres y Gran Canaria ofrecieron un espect\u00e1culo de gran calidad art\u00edstica que volvi\u00f3 a convertir a Gu\u00eda en punto de encuentro del folclore nacional La Plaza&hellip;<\/p>\n","protected":false},"author":1,"featured_media":1213,"comment_status":"open","ping_status":"open","sticky":false,"template":"","format":"standard","meta":{"wpai_generated_summary":"","wpai_meta_description":"","footnotes":""},"categories":[138],"tags":[],"class_list":["post-1212","post","type-post","status-publish","format-standard","has-post-thumbnail","hentry","category-ayuntamiento-de-santa-maria-de-guia"],"_links":{"self":[{"href":"https:\/\/nublo.tv\/index.php\/wp-json\/wp\/v2\/posts\/1212","targetHints":{"allow":["GET"]}}],"collection":[{"href":"https:\/\/nublo.tv\/index.php\/wp-json\/wp\/v2\/posts"}],"about":[{"href":"https:\/\/nublo.tv\/index.php\/wp-json\/wp\/v2\/types\/post"}],"author":[{"embeddable":true,"href":"https:\/\/nublo.tv\/index.php\/wp-json\/wp\/v2\/users\/1"}],"replies":[{"embeddable":true,"href":"https:\/\/nublo.tv\/index.php\/wp-json\/wp\/v2\/comments?post=1212"}],"version-history":[{"count":3,"href":"https:\/\/nublo.tv\/index.php\/wp-json\/wp\/v2\/posts\/1212\/revisions"}],"predecessor-version":[{"id":1302,"href":"https:\/\/nublo.tv\/index.php\/wp-json\/wp\/v2\/posts\/1212\/revisions\/1302"}],"wp:featuredmedia":[{"embeddable":true,"href":"https:\/\/nublo.tv\/index.php\/wp-json\/wp\/v2\/media\/1213"}],"wp:attachment":[{"href":"https:\/\/nublo.tv\/index.php\/wp-json\/wp\/v2\/media?parent=1212"}],"wp:term":[{"taxonomy":"category","embeddable":true,"href":"https:\/\/nublo.tv\/index.php\/wp-json\/wp\/v2\/categories?post=1212"},{"taxonomy":"post_tag","embeddable":true,"href":"https:\/\/nublo.tv\/index.php\/wp-json\/wp\/v2\/tags?post=1212"}],"curies":[{"name":"wp","href":"https:\/\/api.w.org\/{rel}","templated":true}]}}