{"id":1214,"date":"2026-08-05T17:59:43","date_gmt":"2026-08-05T16:59:43","guid":{"rendered":"https:\/\/nublo.tv\/?p=1214"},"modified":"2026-08-27T12:35:25","modified_gmt":"2026-08-27T11:35:25","slug":"martinez-solino-presenta-un-contrato-de-mas-de-96-millones-de-euros-para-el-mantenimiento-de-los-espacios-verdes-de-la-ciudad","status":"publish","type":"post","link":"https:\/\/nublo.tv\/index.php\/2026\/08\/05\/martinez-solino-presenta-un-contrato-de-mas-de-96-millones-de-euros-para-el-mantenimiento-de-los-espacios-verdes-de-la-ciudad\/","title":{"rendered":"Mart\u00ednez Soli\u00f1o presenta un contrato de m\u00e1s de 96 millones de euros para el mantenimiento de los espacios verdes de la ciudad"},"content":{"rendered":"<p>El Ayuntamiento de Las Palmas de Gran Canaria ha aprobado este mi\u00e9rcoles en la Junta de Gobierno el expediente de contrataci\u00f3n del servicio de mantenimiento y conservaci\u00f3n de espacios verdes, \u00e1reas caninas y arbolado urbano de la ciudad.<\/p>\n","protected":false},"excerpt":{"rendered":"<p>El Ayuntamiento de Las Palmas de Gran Canaria ha aprobado este mi\u00e9rcoles en la Junta de Gobierno el expediente de contrataci\u00f3n del servicio de mantenimiento y conservaci\u00f3n de espacios verdes,&hellip;<\/p>\n","protected":false},"author":1,"featured_media":1247,"comment_status":"open","ping_status":"open","sticky":false,"template":"","format":"standard","meta":{"wpai_generated_summary":"","wpai_meta_description":"","footnotes":""},"categories":[132],"tags":[],"class_list":["post-1214","post","type-post","status-publish","format-standard","has-post-thumbnail","hentry","category-ayuntamiento-de-las-palmas-de-gran-canaria"],"_links":{"self":[{"href":"https:\/\/nublo.tv\/index.php\/wp-json\/wp\/v2\/posts\/1214","targetHints":{"allow":["GET"]}}],"collection":[{"href":"https:\/\/nublo.tv\/index.php\/wp-json\/wp\/v2\/posts"}],"about":[{"href":"https:\/\/nublo.tv\/index.php\/wp-json\/wp\/v2\/types\/post"}],"author":[{"embeddable":true,"href":"https:\/\/nublo.tv\/index.php\/wp-json\/wp\/v2\/users\/1"}],"replies":[{"embeddable":true,"href":"https:\/\/nublo.tv\/index.php\/wp-json\/wp\/v2\/comments?post=1214"}],"version-history":[{"count":1,"href":"https:\/\/nublo.tv\/index.php\/wp-json\/wp\/v2\/posts\/1214\/revisions"}],"predecessor-version":[{"id":1221,"href":"https:\/\/nublo.tv\/index.php\/wp-json\/wp\/v2\/posts\/1214\/revisions\/1221"}],"wp:featuredmedia":[{"embeddable":true,"href":"https:\/\/nublo.tv\/index.php\/wp-json\/wp\/v2\/media\/1247"}],"wp:attachment":[{"href":"https:\/\/nublo.tv\/index.php\/wp-json\/wp\/v2\/media?parent=1214"}],"wp:term":[{"taxonomy":"category","embeddable":true,"href":"https:\/\/nublo.tv\/index.php\/wp-json\/wp\/v2\/categories?post=1214"},{"taxonomy":"post_tag","embeddable":true,"href":"https:\/\/nublo.tv\/index.php\/wp-json\/wp\/v2\/tags?post=1214"}],"curies":[{"name":"wp","href":"https:\/\/api.w.org\/{rel}","templated":true}]}}