{"id":1217,"date":"2026-08-05T17:59:42","date_gmt":"2026-08-05T16:59:42","guid":{"rendered":"https:\/\/nublo.tv\/?p=1217"},"modified":"2026-08-27T12:35:25","modified_gmt":"2026-08-27T11:35:25","slug":"el-ayuntamiento-culmina-la-modernizacion-del-campo-de-futbol-de-hoya-de-la-plata-dedicado-a-cipriano-medina-diaz","status":"publish","type":"post","link":"https:\/\/nublo.tv\/index.php\/2026\/08\/05\/el-ayuntamiento-culmina-la-modernizacion-del-campo-de-futbol-de-hoya-de-la-plata-dedicado-a-cipriano-medina-diaz\/","title":{"rendered":"El Ayuntamiento culmina la modernizaci\u00f3n del Campo de F\u00fatbol de Hoya de la Plata, dedicado a Cipriano Medina D\u00edaz"},"content":{"rendered":"<p>El Ayuntamiento de Las Palmas de Gran Canaria, a trav\u00e9s del Instituto Municipal para la Promoci\u00f3n de la Actividad F\u00edsica y el Deporte (IMD), ha culminado la modernizaci\u00f3n integral del hasta ahora Campo de F\u00fatbol de Hoya de la Plata, una actuaci\u00f3n que ha supuesto una inversi\u00f3n de 1.014.492,17 euros.<\/p>\n","protected":false},"excerpt":{"rendered":"<p>El Ayuntamiento de Las Palmas de Gran Canaria, a trav\u00e9s del Instituto Municipal para la Promoci\u00f3n de la Actividad F\u00edsica y el Deporte (IMD), ha culminado la modernizaci\u00f3n integral del&hellip;<\/p>\n","protected":false},"author":1,"featured_media":1246,"comment_status":"open","ping_status":"open","sticky":false,"template":"","format":"standard","meta":{"wpai_generated_summary":"","wpai_meta_description":"","footnotes":""},"categories":[132],"tags":[],"class_list":["post-1217","post","type-post","status-publish","format-standard","has-post-thumbnail","hentry","category-ayuntamiento-de-las-palmas-de-gran-canaria"],"_links":{"self":[{"href":"https:\/\/nublo.tv\/index.php\/wp-json\/wp\/v2\/posts\/1217","targetHints":{"allow":["GET"]}}],"collection":[{"href":"https:\/\/nublo.tv\/index.php\/wp-json\/wp\/v2\/posts"}],"about":[{"href":"https:\/\/nublo.tv\/index.php\/wp-json\/wp\/v2\/types\/post"}],"author":[{"embeddable":true,"href":"https:\/\/nublo.tv\/index.php\/wp-json\/wp\/v2\/users\/1"}],"replies":[{"embeddable":true,"href":"https:\/\/nublo.tv\/index.php\/wp-json\/wp\/v2\/comments?post=1217"}],"version-history":[{"count":1,"href":"https:\/\/nublo.tv\/index.php\/wp-json\/wp\/v2\/posts\/1217\/revisions"}],"predecessor-version":[{"id":1220,"href":"https:\/\/nublo.tv\/index.php\/wp-json\/wp\/v2\/posts\/1217\/revisions\/1220"}],"wp:featuredmedia":[{"embeddable":true,"href":"https:\/\/nublo.tv\/index.php\/wp-json\/wp\/v2\/media\/1246"}],"wp:attachment":[{"href":"https:\/\/nublo.tv\/index.php\/wp-json\/wp\/v2\/media?parent=1217"}],"wp:term":[{"taxonomy":"category","embeddable":true,"href":"https:\/\/nublo.tv\/index.php\/wp-json\/wp\/v2\/categories?post=1217"},{"taxonomy":"post_tag","embeddable":true,"href":"https:\/\/nublo.tv\/index.php\/wp-json\/wp\/v2\/tags?post=1217"}],"curies":[{"name":"wp","href":"https:\/\/api.w.org\/{rel}","templated":true}]}}