{"id":1231,"date":"2026-08-05T15:48:54","date_gmt":"2026-08-05T14:48:54","guid":{"rendered":"https:\/\/nublo.tv\/?p=1231"},"modified":"2026-08-05T15:48:54","modified_gmt":"2026-08-05T14:48:54","slug":"el-gobierno-de-canarias-actualiza-la-situacion-pasando-a-alerta-por-temperaturas-maximas-en-gran-canaria-y-la-palma","status":"publish","type":"post","link":"https:\/\/nublo.tv\/index.php\/2026\/08\/05\/el-gobierno-de-canarias-actualiza-la-situacion-pasando-a-alerta-por-temperaturas-maximas-en-gran-canaria-y-la-palma\/","title":{"rendered":"El Gobierno de Canarias actualiza la situaci\u00f3n pasando a alerta por temperaturas m\u00e1ximas en Gran Canaria y La Palma"},"content":{"rendered":"<blockquote>\n<p>El resto del archipi\u00e9lago pasa a situaci\u00f3n de prealerta por este mismo fen\u00f3meno<\/p>\n<\/blockquote>\n<p>El Gobierno de Canarias, a trav\u00e9s de la Direcci\u00f3n General de Emergencias, actualiza la situaci\u00f3n pasando a alerta por altas temperaturas en Gran Canaria y se mantiene en esta situaci\u00f3n la isla de La Palma, a partir de las 17:00 horas de hoy, mi\u00e9rcoles 5 de agosto. El resto del archipi\u00e9lago pasa a situaci\u00f3n de prealerta por este mismo fen\u00f3meno.<\/p>\n<p>Esta decisi\u00f3n se toma teniendo en cuenta la informaci\u00f3n facilitada por la Agencia Estatal de Meteorolog\u00eda junto a otras fuentes disponibles y en aplicaci\u00f3n del Plan Espec\u00edfico de Emergencias de Canarias por Riesgos de Fen\u00f3menos Meteorol\u00f3gicos Adversos (PEFMA).<\/p>\n<p><strong>\u00c1mbito territorial:<\/strong><\/p>\n<p>Gran Canaria (vertientes este, sur y oeste) y La Palma (cumbres y vertiente oeste), pasando el resto del archipi\u00e9lago a prealerta.<\/p>\n<p><strong>Observaciones:<\/strong><\/p>\n<p>Contin\u00faa el episodio de altas temperaturas sobre el archipi\u00e9lago canario. En Gran Canaria afectar\u00e1 principalmente a median\u00edas del sur y oeste y zonas bajas del sur y sureste, donde localmente podr\u00e1n alcanzarse 40\u00baC. En La Palma podr\u00e1n alcanzarse 37\u00baC en median\u00edas del oeste y noroeste.<\/p>\n<p>Las temperaturas m\u00e1ximas podr\u00e1n alcanzar y superar los 34\u00baC en las vertientes sur de las islas de El Hierro y La Gomera, en median\u00edas del sur y del \u00e1rea metropolitana de la isla de Tenerife y en la cuenca de Tejeda en Gran Canaria.<\/p>\n<p>Localmente se podr\u00e1n alcanzar los 34\u00baC en zonas del interior de la mitad sur de las islas de Fuerteventura y Lanzarote. Asimismo, se prev\u00e9n temperaturas nocturnas elevadas en median\u00edas y zonas poco ventiladas, lo que dificultar\u00e1 el descanso y la recuperaci\u00f3n t\u00e9rmica.<\/p>\n<p>Se insta a la poblaci\u00f3n a seguir los siguientes<a href=\"https:\/\/www.gobiernodecanarias.org\/emergencias\/alertas\/consejos\/temperaturas\/temperaturas.html\">\u00a0consejos de autoprotecci\u00f3n<\/a>\u00a0de la Direcci\u00f3n General de Emergencias.<\/p>\n<p><a href=\"https:\/\/www3.gobiernodecanarias.org\/noticias\/wp-content\/uploads\/2026\/08\/26-08-05-Actualizacion_3-47-2026-PEFMA-Alerta-y-Prealerta-Temperaturas-maximas.pdf\">26-08-05 Actualizacion_3 47 2026 PEFMA Alerta y Prealerta Temperaturas maximas<\/a><\/p>\n","protected":false},"excerpt":{"rendered":"<p>El resto del archipi\u00e9lago pasa a situaci\u00f3n de prealerta por este mismo fen\u00f3meno El Gobierno de Canarias, a trav\u00e9s de la Direcci\u00f3n General de Emergencias, actualiza la situaci\u00f3n pasando a&hellip;<\/p>\n","protected":false},"author":1,"featured_media":1232,"comment_status":"open","ping_status":"open","sticky":false,"template":"","format":"standard","meta":{"wpai_generated_summary":"","wpai_meta_description":"","footnotes":""},"categories":[121],"tags":[],"class_list":["post-1231","post","type-post","status-publish","format-standard","has-post-thumbnail","hentry","category-noticias"],"_links":{"self":[{"href":"https:\/\/nublo.tv\/index.php\/wp-json\/wp\/v2\/posts\/1231","targetHints":{"allow":["GET"]}}],"collection":[{"href":"https:\/\/nublo.tv\/index.php\/wp-json\/wp\/v2\/posts"}],"about":[{"href":"https:\/\/nublo.tv\/index.php\/wp-json\/wp\/v2\/types\/post"}],"author":[{"embeddable":true,"href":"https:\/\/nublo.tv\/index.php\/wp-json\/wp\/v2\/users\/1"}],"replies":[{"embeddable":true,"href":"https:\/\/nublo.tv\/index.php\/wp-json\/wp\/v2\/comments?post=1231"}],"version-history":[{"count":1,"href":"https:\/\/nublo.tv\/index.php\/wp-json\/wp\/v2\/posts\/1231\/revisions"}],"predecessor-version":[{"id":1237,"href":"https:\/\/nublo.tv\/index.php\/wp-json\/wp\/v2\/posts\/1231\/revisions\/1237"}],"wp:featuredmedia":[{"embeddable":true,"href":"https:\/\/nublo.tv\/index.php\/wp-json\/wp\/v2\/media\/1232"}],"wp:attachment":[{"href":"https:\/\/nublo.tv\/index.php\/wp-json\/wp\/v2\/media?parent=1231"}],"wp:term":[{"taxonomy":"category","embeddable":true,"href":"https:\/\/nublo.tv\/index.php\/wp-json\/wp\/v2\/categories?post=1231"},{"taxonomy":"post_tag","embeddable":true,"href":"https:\/\/nublo.tv\/index.php\/wp-json\/wp\/v2\/tags?post=1231"}],"curies":[{"name":"wp","href":"https:\/\/api.w.org\/{rel}","templated":true}]}}