{"id":1233,"date":"2026-08-05T15:48:54","date_gmt":"2026-08-05T14:48:54","guid":{"rendered":"https:\/\/nublo.tv\/?p=1233"},"modified":"2026-08-05T15:48:54","modified_gmt":"2026-08-05T14:48:54","slug":"turismo-a-traves-del-museo-elder-impulsa-ocho-atalayas-cosmicas-para-seguir-el-eclipse-solar-parcial","status":"publish","type":"post","link":"https:\/\/nublo.tv\/index.php\/2026\/08\/05\/turismo-a-traves-del-museo-elder-impulsa-ocho-atalayas-cosmicas-para-seguir-el-eclipse-solar-parcial\/","title":{"rendered":"Turismo a trav\u00e9s del Museo Elder impulsa ocho Atalayas C\u00f3smicas para seguir el eclipse solar parcial"},"content":{"rendered":"<blockquote>\n<p>El fen\u00f3meno podr\u00e1 observarse desde cualquier punto del archipi\u00e9lago, aunque el Gobierno de Canarias habilitar\u00e1 ocho Atalayas C\u00f3smicas con actividades divulgativas, personal especializado y reparto de gafas homologadas para seguirlo con seguridad<\/p>\n<\/blockquote>\n<p><strong>La consejera de Turismo y Empleo del Gobierno de Canarias, Jessica de Le\u00f3n, present\u00f3 este mi\u00e9rcoles el dispositivo especial Atalayas, una iniciativa impulsada por el Museo Elder de la Ciencia y la Tecnolog\u00eda, que permitir\u00e1 seguir el eclipse solar parcial del 12 de agosto desde distintos puntos de observaci\u00f3n distribuidos en las ocho islas.<\/strong><\/p>\n<p>Con este despliegue, residentes y visitantes podr\u00e1n disfrutar del fen\u00f3meno de forma segura mientras descubren c\u00f3mo se producen estos acontecimientos astron\u00f3micos y conocen por qu\u00e9 los cielos del archipi\u00e9lago re\u00fanen unas condiciones excepcionales para su observaci\u00f3n.<\/p>\n<p>La consejera destac\u00f3 que \u00abeste ciclo de tres eclipses nos brinda una oportunidad \u00fanica para seguir posicionando a Canarias como un referente internacional en astronom\u00eda y divulgaci\u00f3n cient\u00edfica\u00bb. Adem\u00e1s, explic\u00f3\u00a0que el pr\u00f3ximo 12 de agosto el eclipse podr\u00e1 observarse desde cualquier punto del archipi\u00e9lago, si bien la ciudadan\u00eda tendr\u00e1 a su disposici\u00f3n ocho Atalayas C\u00f3smicas repartidas por las islas dentro de una iniciativa liderada por el Museo Elder, en colaboraci\u00f3n con el Ministerio de Ciencia, Innovaci\u00f3n y Universidades y otros museos de la ciencia\u00bb.<\/p>\n<p>\u00abQueremos que sea una experiencia abierta a toda la poblaci\u00f3n, con todas las garant\u00edas de seguridad gracias al reparto de gafas homologadas y a las recomendaciones para una observaci\u00f3n responsable\u00bb, se\u00f1al\u00f3 De Le\u00f3n.<\/p>\n<p>Por su parte, el director gerente del Museo Elder,\u00a0Jos\u00e9 Gilberto Moreno,\u00a0hizo hincapi\u00e9 en que, aunque en Canarias la ocultaci\u00f3n m\u00e1xima del Sol alcanzar\u00e1 el 77%, lo que supondr\u00e1 una oportunidad excepcional para disfrutar de este fen\u00f3meno astron\u00f3mico\u00bb. El director, adem\u00e1s, explic\u00f3 que el objetivo de la entidad es que \u00abcualquier persona pueda comprender qu\u00e9 est\u00e1 ocurriendo en el cielo y vivir esta experiencia con seguridad\u00bb.<\/p>\n<p>Finalmente, el delegado de la ONCE en Canarias, Jos\u00e9 Antonio L\u00f3pez, se\u00f1al\u00f3 que \u00abun eclipse no debe ser una experiencia reservada \u00fanicamente a quienes pueden verlo\u00bb. En este sentido, subray\u00f3 que, gracias a la colaboraci\u00f3n entre la ONCE, el Museo Elder y el proyecto Eclipse Inclusivo del\u00a0Consejo Superior de Investigaciones Cient\u00edficas (CSIC), las personas ciegas y con discapacidad visual tambi\u00e9n podr\u00e1n seguir la evoluci\u00f3n del eclipse con un dispositivo que transforma la luz en sonido.<\/p>\n<p>\u00abLa ciencia alcanza su m\u00e1ximo valor cuando es accesible para todos, y por eso tambi\u00e9n insistimos en la importancia de utilizar gafas homologadas y seguir las recomendaciones de seguridad\u00bb, agreg\u00f3 L\u00f3pez.<\/p>\n<p>Los puntos de observaci\u00f3n se instalar\u00e1n en la Plaza del Puerto de Caleta de Sebo, en La Graciosa (Teguise); el Paseo Mar\u00edtimo de La Santa, en Lanzarote (Tinajo); el Castillo de El Tost\u00f3n, en El Cotillo, Fuerteventura (La Oliva); la calle Dr. Domingo Hern\u00e1ndez Guerra, en Tejeda (Gran Canaria); la avenida del Emigrante, en Playa de San Juan, Tenerife (Gu\u00eda de Isora); la Plaza de San Pedro, en Valle Gran Rey (La Gomera); la Playa de los Tarajales, en Tazacorte (La Palma); y La Maceta, en La Frontera (El Hierro), acercando esta experiencia a la ciudadan\u00eda de todo el archipi\u00e9lago.<\/p>\n<p>Los divulgadores cient\u00edficos acompa\u00f1ar\u00e1n al p\u00fablico durante toda la actividad, explicando las diferentes fases del eclipse, el movimiento del Sol, la Luna y la Tierra y resolviendo las dudas de los asistentes para convertir la observaci\u00f3n en una experiencia de aprendizaje.<\/p>\n<p>El reparto de las gafas homologadas comenz\u00f3 esta semana en el Museo Elder de la Ciencia y la Tecnolog\u00eda de Las Palmas de Gran Canaria, donde cada visitante recibe un par con su entrada, y continuar\u00e1 el pr\u00f3ximo mi\u00e9rcoles en los distintos puntos de observaci\u00f3n habilitados para seguir el eclipse.<\/p>\n<p>&nbsp;<\/p>\n","protected":false},"excerpt":{"rendered":"<p>El fen\u00f3meno podr\u00e1 observarse desde cualquier punto del archipi\u00e9lago, aunque el Gobierno de Canarias habilitar\u00e1 ocho Atalayas C\u00f3smicas con actividades divulgativas, personal especializado y reparto de gafas homologadas para seguirlo&hellip;<\/p>\n","protected":false},"author":1,"featured_media":1234,"comment_status":"open","ping_status":"open","sticky":false,"template":"","format":"standard","meta":{"wpai_generated_summary":"","wpai_meta_description":"","footnotes":""},"categories":[121],"tags":[],"class_list":["post-1233","post","type-post","status-publish","format-standard","has-post-thumbnail","hentry","category-noticias"],"_links":{"self":[{"href":"https:\/\/nublo.tv\/index.php\/wp-json\/wp\/v2\/posts\/1233","targetHints":{"allow":["GET"]}}],"collection":[{"href":"https:\/\/nublo.tv\/index.php\/wp-json\/wp\/v2\/posts"}],"about":[{"href":"https:\/\/nublo.tv\/index.php\/wp-json\/wp\/v2\/types\/post"}],"author":[{"embeddable":true,"href":"https:\/\/nublo.tv\/index.php\/wp-json\/wp\/v2\/users\/1"}],"replies":[{"embeddable":true,"href":"https:\/\/nublo.tv\/index.php\/wp-json\/wp\/v2\/comments?post=1233"}],"version-history":[{"count":1,"href":"https:\/\/nublo.tv\/index.php\/wp-json\/wp\/v2\/posts\/1233\/revisions"}],"predecessor-version":[{"id":1236,"href":"https:\/\/nublo.tv\/index.php\/wp-json\/wp\/v2\/posts\/1233\/revisions\/1236"}],"wp:featuredmedia":[{"embeddable":true,"href":"https:\/\/nublo.tv\/index.php\/wp-json\/wp\/v2\/media\/1234"}],"wp:attachment":[{"href":"https:\/\/nublo.tv\/index.php\/wp-json\/wp\/v2\/media?parent=1233"}],"wp:term":[{"taxonomy":"category","embeddable":true,"href":"https:\/\/nublo.tv\/index.php\/wp-json\/wp\/v2\/categories?post=1233"},{"taxonomy":"post_tag","embeddable":true,"href":"https:\/\/nublo.tv\/index.php\/wp-json\/wp\/v2\/tags?post=1233"}],"curies":[{"name":"wp","href":"https:\/\/api.w.org\/{rel}","templated":true}]}}