{"id":124,"date":"2026-08-04T17:37:41","date_gmt":"2026-08-04T16:37:41","guid":{"rendered":"https:\/\/nublo.tv\/?p=124"},"modified":"2026-08-04T17:37:41","modified_gmt":"2026-08-04T16:37:41","slug":"nia-suardiaz-y-tom-pansard-se-imponen-en-la-copa-open-de-canarias-de-wingfoil","status":"publish","type":"post","link":"https:\/\/nublo.tv\/index.php\/2026\/08\/04\/nia-suardiaz-y-tom-pansard-se-imponen-en-la-copa-open-de-canarias-de-wingfoil\/","title":{"rendered":"N\u00eda Suard\u00edaz y Tom Pansard se imponen en la Copa Open de Canarias de Wingfoil"},"content":{"rendered":"<p class=\"v1MsoNormal\"><b><span style=\"color: #073763\">Las Palmas de Gran Canaria, 21 de julio de 2026.-\u00a0<\/span><\/b>La espa\u00f1ola afincada en Tarifa N\u00eda Suard\u00edaz y el franc\u00e9s Tom Pansard se proclamaron ganadores de la Copa Open de Canarias de Wingfoil Slalom 2026, disputada en la Playa de El Burrero. La prueba, organizada bajo la autoridad de la Real Federaci\u00f3n Canaria de Vela, reuni\u00f3 a m\u00e1s de 30 riders y abri\u00f3 una semana de competici\u00f3n internacional que continuar\u00e1 con la Gran Canaria GWA Wingfoil World Cup.<\/p>\n<p class=\"v1MsoNormal\">En categor\u00eda femenina de la Copa Open, N\u00eda Suard\u00edaz se alz\u00f3 con la victoria. La segunda plaza fue para Mar de Arce, tambi\u00e9n tarife\u00f1a, afincada en Canarias y representante del Club Deportivo Canakite Experiences, uno de los organizadores del evento. La majorera Elena Moreno Romero complet\u00f3 el podio femenino.<\/p>\n<p class=\"v1MsoNormal\">En categor\u00eda masculina, el franc\u00e9s Tom Pansard ocup\u00f3 el primer puesto de la Copa Open. Los italianos Francesco Cappuzzo y Sebastiano Zorzi finalizaron segundo y tercero, respectivamente, en una clasificaci\u00f3n marcada por el alto nivel de la flota internacional.<\/p>\n<p class=\"v1MsoNormal\"><b>Mar de Arce y Jeremy Rodr\u00edguez, campeones de la Copa de Canarias<\/b><b><\/b><\/p>\n<p class=\"v1MsoNormal\">La Copa de Canarias se obtiene de la clasificaci\u00f3n de los deportistas que representan al archipi\u00e9lago dentro de la prueba Open. En categor\u00eda femenina, Mar de Arce logr\u00f3 la primera posici\u00f3n. La majorera Elena Moreno Romero fue segunda y la lanzarote\u00f1a Anais Mestres Micieces, firm\u00f3 un meritorio tercer lugar.\u00a0En la categor\u00eda masculina, el grancanario Jeremy Rodr\u00edguez se proclam\u00f3 campe\u00f3n de la Copa de Canarias, seguido por sus compa\u00f1eros \u00c1ngel Granda, segundo, y Francisco Javier Esp\u00edn, tercero.<\/p>\n<p class=\"v1MsoNormal\"><b>El FreeFly-Slalom mundial abre la temporada en El Burrero<\/b><\/p>\n<p class=\"v1MsoNormal\">Las primeras mangas de la Copa del Mundo de FreeFly-Slalom ponen en marcha en Gran Canaria la temporada 2026 con todos los aspirantes partiendo de cero. El franc\u00e9s Bastien Escofet y la tarife\u00f1a N\u00eda Suard\u00edaz, campeones mundiales vigentes, encabezan las listas masculina y femenina frente a rivales como el italiano Francesco Cappuzzo; los franceses Romain Ghio y Kylie Belloeuvre; el italiano Sebastiano Zorzi; la tarife\u00f1a afincada en Canarias Mar de Arce y la austr\u00edaca Viola Lippitsch.<\/p>\n<p class=\"v1MsoNormal\"><b>El espect\u00e1culo contin\u00faa con la Copa del Mundo<\/b><\/p>\n<p class=\"v1MsoNormal\">Tras la Copa Open de Canarias, El Burrero acoger\u00e1 los d\u00edas 21 y 22 de julio la Copa del Mundo de FreeFly-Slalom. Del 23 al 25 llegar\u00e1 el turno del Surf-Freestyle, con los mejores especialistas internacionales de velocidad, estrategia y maniobras a\u00e9reas.<\/p>\n<p class=\"v1MsoNormal\">La Gran Canaria GWA Wingfoil World Cup 2026 re\u00fane a m\u00e1s de 120 deportistas de 13 pa\u00edses y consolida a Gran Canaria como uno de los grandes escenarios mundiales de los deportes de viento. El p\u00fablico podr\u00e1 seguir la competici\u00f3n desde la playa durante una semana que combina deporte de \u00e9lite, actividades ambientales y propuestas abiertas a la ciudadan\u00eda.<\/p>\n<p class=\"v1MsoNormal\">El evento est\u00e1 organizado por el Club Deportivo Canakite Experiences, el Club N\u00e1utico El Burrero y el Ayuntamiento de Ingenio, con la colaboraci\u00f3n de la Real Federaci\u00f3n Canaria de Vela y Spar, y el apoyo de las \u00e1reas de Turismo y Deportes del Cabildo de Gran Canaria, Promotur Islas Canarias y la Consejer\u00eda de Deportes del Gobierno de Canarias.<\/p>\n<p class=\"v1MsoNormal\"><b><span style=\"font-family: arial, sans-serif\">\ud83d\udcf8\u00a0<a href=\"https:\/\/sailingenergy.photoshelter.com\/gallery-collection\/GWA-WINGFOIL-TOUR-GC\/C0000sImVoef7MT0\" target=\"_blank\" rel=\"noopener noreferrer\">Galer\u00eda fotogr\u00e1fica | Contrase\u00f1a: MEDIA<\/a>\u00a0\u00a0(autor\u00eda: Sailing Energy)<\/span><\/b><\/p>\n<p class=\"v1MsoNormal\"><span style=\"font-family: arial, sans-serif\">\ud83c\udf99\ufe0f<\/span><span class=\"v1gmail_default\"><span style=\"font-family: arial, sans-serif\"><b><a href=\"https:\/\/we.tl\/t-jfHY828vk3h76UXX\" target=\"_blank\" rel=\"noopener noreferrer\">Descargar entrevistas a riders\u00a0<\/a><\/b>(N\u00eda Suard\u00edaz, Mar de Arce, Jeremy Rodr\u00edguez y\u00a0Francesco Cappuzzo)<\/span><\/span><\/p>\n","protected":false},"excerpt":{"rendered":"<p>Las Palmas de Gran Canaria, 21 de julio de 2026.-\u00a0La espa\u00f1ola afincada en Tarifa N\u00eda Suard\u00edaz y el franc\u00e9s Tom Pansard se proclamaron ganadores de la Copa Open de Canarias&hellip;<\/p>\n","protected":false},"author":14,"featured_media":125,"comment_status":"open","ping_status":"open","sticky":false,"template":"","format":"standard","meta":{"wpai_generated_summary":"","wpai_meta_description":"","footnotes":""},"categories":[130],"tags":[],"class_list":["post-124","post","type-post","status-publish","format-standard","has-post-thumbnail","hentry","category-ayuntamiento-de-ingenio"],"_links":{"self":[{"href":"https:\/\/nublo.tv\/index.php\/wp-json\/wp\/v2\/posts\/124","targetHints":{"allow":["GET"]}}],"collection":[{"href":"https:\/\/nublo.tv\/index.php\/wp-json\/wp\/v2\/posts"}],"about":[{"href":"https:\/\/nublo.tv\/index.php\/wp-json\/wp\/v2\/types\/post"}],"author":[{"embeddable":true,"href":"https:\/\/nublo.tv\/index.php\/wp-json\/wp\/v2\/users\/14"}],"replies":[{"embeddable":true,"href":"https:\/\/nublo.tv\/index.php\/wp-json\/wp\/v2\/comments?post=124"}],"version-history":[{"count":1,"href":"https:\/\/nublo.tv\/index.php\/wp-json\/wp\/v2\/posts\/124\/revisions"}],"predecessor-version":[{"id":602,"href":"https:\/\/nublo.tv\/index.php\/wp-json\/wp\/v2\/posts\/124\/revisions\/602"}],"wp:featuredmedia":[{"embeddable":true,"href":"https:\/\/nublo.tv\/index.php\/wp-json\/wp\/v2\/media\/125"}],"wp:attachment":[{"href":"https:\/\/nublo.tv\/index.php\/wp-json\/wp\/v2\/media?parent=124"}],"wp:term":[{"taxonomy":"category","embeddable":true,"href":"https:\/\/nublo.tv\/index.php\/wp-json\/wp\/v2\/categories?post=124"},{"taxonomy":"post_tag","embeddable":true,"href":"https:\/\/nublo.tv\/index.php\/wp-json\/wp\/v2\/tags?post=124"}],"curies":[{"name":"wp","href":"https:\/\/api.w.org\/{rel}","templated":true}]}}