{"id":1240,"date":"2026-08-05T16:41:35","date_gmt":"2026-08-05T15:41:35","guid":{"rendered":"https:\/\/nublo.tv\/?p=1240"},"modified":"2026-08-05T16:41:35","modified_gmt":"2026-08-05T15:41:35","slug":"el-gobierno-declara-el-risqcan-en-alerta-por-riesgo-de-accidentes-graves-en-gran-canaria","status":"publish","type":"post","link":"https:\/\/nublo.tv\/index.php\/2026\/08\/05\/el-gobierno-declara-el-risqcan-en-alerta-por-riesgo-de-accidentes-graves-en-gran-canaria\/","title":{"rendered":"El Gobierno declara el RISQCAN en alerta por riesgo de accidentes graves en Gran Canaria"},"content":{"rendered":"<p>La Direcci\u00f3n General de Emergencias del Gobierno de Canarias, en base a la informaci\u00f3n disponible, y en aplicaci\u00f3n del Plan Especial de Emergencia Exterior por riesgo de accidentes graves en los que intervengan sustancias peligrosas en la Comunidad Aut\u00f3noma de Canarias RISQCAN, declara la situaci\u00f3n de alerta.<\/p>\n<p><strong>Descripci\u00f3n del Riesgo:<\/strong><br \/>\nDeflagraci\u00f3n en un tanque de combustible en reparaci\u00f3n.<\/p>\n<p><strong>\u00c1mbito territorial:<\/strong><br \/>\nPol\u00edgono industrial Salinetas (Telde, isla de Gran Canaria).<\/p>\n<p><strong>Texto complementario:<\/strong><br \/>\nSe recibe llamada de alerta a las 12:10 h por deflagraci\u00f3n en las inmediaciones de las instalaciones de DISA-Salinetas. La estructura del dep\u00f3sito ha resultado gravemente da\u00f1ada. Tres trabajadores se han visto afectados. Se activa el RISQCAN para el seguimiento del incidente.<\/p>\n<p><a href=\"https:\/\/www3.gobiernodecanarias.org\/noticias\/wp-content\/uploads\/2026\/08\/26-08-05-Declaracion-1-RISQCAN-Alerta.pdf\">26-08-05 Declaracion 1 RISQCAN Alerta<\/a><\/p>\n<p>&nbsp;<\/p>\n","protected":false},"excerpt":{"rendered":"<p>La Direcci\u00f3n General de Emergencias del Gobierno de Canarias, en base a la informaci\u00f3n disponible, y en aplicaci\u00f3n del Plan Especial de Emergencia Exterior por riesgo de accidentes graves en&hellip;<\/p>\n","protected":false},"author":1,"featured_media":1241,"comment_status":"open","ping_status":"open","sticky":false,"template":"","format":"standard","meta":{"wpai_generated_summary":"","wpai_meta_description":"","footnotes":""},"categories":[121],"tags":[],"class_list":["post-1240","post","type-post","status-publish","format-standard","has-post-thumbnail","hentry","category-noticias"],"_links":{"self":[{"href":"https:\/\/nublo.tv\/index.php\/wp-json\/wp\/v2\/posts\/1240","targetHints":{"allow":["GET"]}}],"collection":[{"href":"https:\/\/nublo.tv\/index.php\/wp-json\/wp\/v2\/posts"}],"about":[{"href":"https:\/\/nublo.tv\/index.php\/wp-json\/wp\/v2\/types\/post"}],"author":[{"embeddable":true,"href":"https:\/\/nublo.tv\/index.php\/wp-json\/wp\/v2\/users\/1"}],"replies":[{"embeddable":true,"href":"https:\/\/nublo.tv\/index.php\/wp-json\/wp\/v2\/comments?post=1240"}],"version-history":[{"count":1,"href":"https:\/\/nublo.tv\/index.php\/wp-json\/wp\/v2\/posts\/1240\/revisions"}],"predecessor-version":[{"id":1242,"href":"https:\/\/nublo.tv\/index.php\/wp-json\/wp\/v2\/posts\/1240\/revisions\/1242"}],"wp:featuredmedia":[{"embeddable":true,"href":"https:\/\/nublo.tv\/index.php\/wp-json\/wp\/v2\/media\/1241"}],"wp:attachment":[{"href":"https:\/\/nublo.tv\/index.php\/wp-json\/wp\/v2\/media?parent=1240"}],"wp:term":[{"taxonomy":"category","embeddable":true,"href":"https:\/\/nublo.tv\/index.php\/wp-json\/wp\/v2\/categories?post=1240"},{"taxonomy":"post_tag","embeddable":true,"href":"https:\/\/nublo.tv\/index.php\/wp-json\/wp\/v2\/tags?post=1240"}],"curies":[{"name":"wp","href":"https:\/\/api.w.org\/{rel}","templated":true}]}}