{"id":1244,"date":"2026-08-05T17:59:43","date_gmt":"2026-08-05T16:59:43","guid":{"rendered":"https:\/\/nublo.tv\/?p=1244"},"modified":"2026-08-29T08:57:49","modified_gmt":"2026-08-29T07:57:49","slug":"desayuna-con-nosotras","status":"publish","type":"post","link":"https:\/\/nublo.tv\/index.php\/2026\/08\/05\/desayuna-con-nosotras\/","title":{"rendered":"Desayuna con Nosotras"},"content":{"rendered":"<div class=\"et_pb_section et_pb_section_0 et_section_regular\">\n<div class=\"et_pb_row et_pb_row_0\">\n<div class=\"et_pb_column et_pb_column_3_5 et_pb_column_0  et_pb_css_mix_blend_mode_passthrough\">\n<div class=\"et_pb_module et_pb_text et_pb_text_0  et_pb_text_align_justified et_pb_bg_layout_light\">\n<div class=\"et_pb_text_inner\">\n<p dir=\"ltr\">La <strong>Oficina de Atenci\u00f3n a la Mujer del Ayuntamiento de Tejeda<\/strong> te invita a participar en un encuentro especial pensado para ti.<\/p>\n<p dir=\"ltr\">Ser\u00e1 una ma\u00f1ana para compartir, desconectar de la rutina y regalarte un momento para ti. Un espacio donde podr\u00e1s conocer a otras mujeres del municipio, intercambiar experiencias, conversar y disfrutar de una actividad pensada para fomentar el bienestar personal, la participaci\u00f3n y el apoyo mutuo.<\/p>\n<blockquote>\n<p dir=\"ltr\">Mi\u00e9rcoles 12 de agosto, de 10:00 a 12:00 horas, en el Club de Pensionistas y Simpatizantes &#8216;Texeda&#8217;.<\/p>\n<\/blockquote>\n<p dir=\"ltr\"><strong>Para m\u00e1s informaci\u00f3n y reservas, llama al 928 666 001, extensi\u00f3n 607, de lunes a viernes en horario de 09:00 a 13:00 horas.<\/strong><\/p>\n<p dir=\"ltr\">Te animamos a participar en esta ma\u00f1ana dedicada al bienestar, al encuentro, al intercambio de experiencias y al fortalecimiento de los v\u00ednculos entre mujeres del municipio.<\/p>\n<\/div><\/div>\n<\/p><\/div>\n<div class=\"et_pb_column et_pb_column_2_5 et_pb_column_1  et_pb_css_mix_blend_mode_passthrough et-last-child\">\n<div class=\"et_pb_module et_pb_image et_pb_image_0\">\n<p>\t\t\t\t<a href=\"https:\/\/tejeda.eu\/wp-content\/uploads\/2026\/08\/DesayunaConNosotrasAgo2026WEB.png\" class=\"et_pb_lightbox_image\" title=\"\"><span class=\"et_pb_image_wrap \"><img loading=\"lazy\" decoding=\"async\" width=\"815\" height=\"1200\" src=\"https:\/\/tejeda.eu\/wp-content\/uploads\/2026\/08\/DesayunaConNosotrasAgo2026WEB.png\" alt=\"\" title=\"Desayuna con Nosotras\" class=\"wp-image-32443\" \/><\/span><\/a>\n\t\t\t<\/div>\n<\/p><\/div>\n<\/p><\/div>\n<\/p><\/div>\n<p>eu\u00bb>Ayuntamiento de Tejeda<\/a>.<\/p>\n","protected":false},"excerpt":{"rendered":"<p>La Oficina de Atenci\u00f3n a la Mujer del Ayuntamiento de Tejeda te invita a participar en un encuentro especial pensado para ti. Ser\u00e1 una ma\u00f1ana para compartir, desconectar de la&hellip;<\/p>\n","protected":false},"author":1,"featured_media":1245,"comment_status":"open","ping_status":"open","sticky":false,"template":"","format":"standard","meta":{"wpai_generated_summary":"","wpai_meta_description":"","footnotes":""},"categories":[139],"tags":[],"class_list":["post-1244","post","type-post","status-publish","format-standard","has-post-thumbnail","hentry","category-ayuntamiento-de-tejeda"],"_links":{"self":[{"href":"https:\/\/nublo.tv\/index.php\/wp-json\/wp\/v2\/posts\/1244","targetHints":{"allow":["GET"]}}],"collection":[{"href":"https:\/\/nublo.tv\/index.php\/wp-json\/wp\/v2\/posts"}],"about":[{"href":"https:\/\/nublo.tv\/index.php\/wp-json\/wp\/v2\/types\/post"}],"author":[{"embeddable":true,"href":"https:\/\/nublo.tv\/index.php\/wp-json\/wp\/v2\/users\/1"}],"replies":[{"embeddable":true,"href":"https:\/\/nublo.tv\/index.php\/wp-json\/wp\/v2\/comments?post=1244"}],"version-history":[{"count":2,"href":"https:\/\/nublo.tv\/index.php\/wp-json\/wp\/v2\/posts\/1244\/revisions"}],"predecessor-version":[{"id":18098,"href":"https:\/\/nublo.tv\/index.php\/wp-json\/wp\/v2\/posts\/1244\/revisions\/18098"}],"wp:featuredmedia":[{"embeddable":true,"href":"https:\/\/nublo.tv\/index.php\/wp-json\/wp\/v2\/media\/1245"}],"wp:attachment":[{"href":"https:\/\/nublo.tv\/index.php\/wp-json\/wp\/v2\/media?parent=1244"}],"wp:term":[{"taxonomy":"category","embeddable":true,"href":"https:\/\/nublo.tv\/index.php\/wp-json\/wp\/v2\/categories?post=1244"},{"taxonomy":"post_tag","embeddable":true,"href":"https:\/\/nublo.tv\/index.php\/wp-json\/wp\/v2\/tags?post=1244"}],"curies":[{"name":"wp","href":"https:\/\/api.w.org\/{rel}","templated":true}]}}