{"id":126,"date":"2026-08-04T17:37:06","date_gmt":"2026-08-04T16:37:06","guid":{"rendered":"https:\/\/nublo.tv\/?p=126"},"modified":"2026-08-04T17:37:06","modified_gmt":"2026-08-04T16:37:06","slug":"las-carrozas-recorren-galdar-en-una-noche-de-color-y-fantasia","status":"publish","type":"post","link":"https:\/\/nublo.tv\/index.php\/2026\/08\/04\/las-carrozas-recorren-galdar-en-una-noche-de-color-y-fantasia\/","title":{"rendered":"Las Carrozas recorren G\u00e1ldar en una noche de color y fantas\u00eda"},"content":{"rendered":"<p>\u2013 Siete carrozas con fantas\u00edas infantiles culminan la antev\u00edspera del d\u00eda de Santiago entre m\u00fasica, color y diversi\u00f3n para toda la familia<\/p>\n<p>El d\u00eda grande de las Fiestas Mayores de Santiago se acerca y las calles se preparan con todo el colorido y la m\u00fasica de la Gran Cabalgata de Carrozas de las 544\u00aa Fiestas Mayores de Santiago.<\/p>\n<p>Un total de siete carrozas acompa\u00f1adas de varias agrupaciones musicales han recorrido el casco hist\u00f3rico de G\u00e1ldar repartiendo a su paso la fiesta e ilusi\u00f3n de los m\u00e1s peque\u00f1os como protagonistas.<\/p>\n<p>Este a\u00f1o lo han hecho bajo los t\u00edtulos \u201cCharlot\u201d, \u201cAlicia en el Pa\u00eds de las Maravillas\u201d, \u201cLa sirena\u201d, \u201cHuevos de Pascua\u201d, \u201cBajo el Mar\u201d, \u201cLos cuatro jinetes del Apocalipsis\u201d y \u201cEl \u00faltimo emperador\u201d, en clara alusi\u00f3n a los cuentos e historias preferidas por los ni\u00f1os e inundando de magia las calles del casco hist\u00f3rico de la ciudad.<\/p>\n<p>Todas han desfilado acompa\u00f1adas por Las bandas de Agaete, Guayedra , Archipi\u00e9lago y Guiniguada, que hac\u00edan bailar al numeroso p\u00fablico que se ha dado cita para disfrutar del espect\u00e1culo y la belleza de las carrozas y sus impresionantes dise\u00f1os. No ha faltado la presencia de Aitana Rodr\u00edguez y Edgar Bola\u00f1os, Guayarmina y Benteju\u00ed de las Fiestas Mayores de Santiago de G\u00e1ldar 2026 y su Corte de Tenesoyas.<\/p>\n","protected":false},"excerpt":{"rendered":"<p>\u2013 Siete carrozas con fantas\u00edas infantiles culminan la antev\u00edspera del d\u00eda de Santiago entre m\u00fasica, color y diversi\u00f3n para toda la familiaEl d\u00eda grande de las Fiestas Mayores de Santiago&hellip;<\/p>\n","protected":false},"author":2,"featured_media":129,"comment_status":"open","ping_status":"open","sticky":false,"template":"","format":"standard","meta":{"wpai_generated_summary":"","wpai_meta_description":"","footnotes":""},"categories":[129],"tags":[],"class_list":["post-126","post","type-post","status-publish","format-standard","has-post-thumbnail","hentry","category-ayuntamiento-de-galdar"],"_links":{"self":[{"href":"https:\/\/nublo.tv\/index.php\/wp-json\/wp\/v2\/posts\/126","targetHints":{"allow":["GET"]}}],"collection":[{"href":"https:\/\/nublo.tv\/index.php\/wp-json\/wp\/v2\/posts"}],"about":[{"href":"https:\/\/nublo.tv\/index.php\/wp-json\/wp\/v2\/types\/post"}],"author":[{"embeddable":true,"href":"https:\/\/nublo.tv\/index.php\/wp-json\/wp\/v2\/users\/2"}],"replies":[{"embeddable":true,"href":"https:\/\/nublo.tv\/index.php\/wp-json\/wp\/v2\/comments?post=126"}],"version-history":[{"count":1,"href":"https:\/\/nublo.tv\/index.php\/wp-json\/wp\/v2\/posts\/126\/revisions"}],"predecessor-version":[{"id":579,"href":"https:\/\/nublo.tv\/index.php\/wp-json\/wp\/v2\/posts\/126\/revisions\/579"}],"wp:featuredmedia":[{"embeddable":true,"href":"https:\/\/nublo.tv\/index.php\/wp-json\/wp\/v2\/media\/129"}],"wp:attachment":[{"href":"https:\/\/nublo.tv\/index.php\/wp-json\/wp\/v2\/media?parent=126"}],"wp:term":[{"taxonomy":"category","embeddable":true,"href":"https:\/\/nublo.tv\/index.php\/wp-json\/wp\/v2\/categories?post=126"},{"taxonomy":"post_tag","embeddable":true,"href":"https:\/\/nublo.tv\/index.php\/wp-json\/wp\/v2\/tags?post=126"}],"curies":[{"name":"wp","href":"https:\/\/api.w.org\/{rel}","templated":true}]}}