{"id":127,"date":"2026-08-04T17:37:41","date_gmt":"2026-08-04T16:37:41","guid":{"rendered":"https:\/\/nublo.tv\/?p=127"},"modified":"2026-08-04T17:37:41","modified_gmt":"2026-08-04T16:37:41","slug":"ingenio-sale-a-la-calle-para-bailar-al-ritmo-musical-de-taiwan-costa-de-marfil-grecia-armenia-bulgaria-puerto-rico-espana-y-canarias","status":"publish","type":"post","link":"https:\/\/nublo.tv\/index.php\/2026\/08\/04\/ingenio-sale-a-la-calle-para-bailar-al-ritmo-musical-de-taiwan-costa-de-marfil-grecia-armenia-bulgaria-puerto-rico-espana-y-canarias\/","title":{"rendered":"Ingenio sale a la calle para bailar al ritmo musical de Taiw\u00e1n, Costa de Marfil, Grecia, Armenia, Bulgaria, Puerto Rico, Espa\u00f1a y Canarias"},"content":{"rendered":"<p class=\"x_MsoNormal\"><b><span lang=\"ES-TRAD\">21\/7\/2026.-<\/span><\/b><span lang=\"ES-TRAD\">\u00a0El popular pasacalle multicultural que impulsa cada a\u00f1o el Festival Internacional de Folclore \u2018Muestra Solidaria de los Pueblos\u2019 se desarrolla ma\u00f1ana mi\u00e9rcoles, d\u00eda 22 de julio, a las 20:30 horas, con la participaci\u00f3n de los grupos internacionales que este a\u00f1o est\u00e1n presentes en el cartel de su 31\u00ba edici\u00f3n, pertenecientes a Taiw\u00e1n, Costa de Marfil, Grecia, Armenia, Bulgaria, Puerto Rico, Espa\u00f1a y Canarias.<\/span><\/p>\n<p class=\"x_MsoNormal\"><span lang=\"ES-TRAD\">Multitud de vecinos de Ingenio se congregar\u00e1n en las aceras de su calle principal Ram\u00f3n y Cajal para disfrutar del colorido recorrido que arrancar\u00e1 en la zona de La Cantonera para concluir delante de la sede del ayuntamiento, en la Plaza de la Candelaria, en el que tendr\u00e1n lugar las actuaciones del Conjunto de Danza Husher de Armenia, la compa\u00f1\u00eda art\u00edstica Mien Moh de Costa de Marfil, la Asociaci\u00f3n Cultural de la Tradici\u00f3n Griega Alonaki, el grupo G\u00edbaro de Puerto Rico, la formaci\u00f3n taiwanesa Kuo-Shin Chuang Pangcah Dance Theater, la formaci\u00f3n Razvitie de Bulgaria, los dos grupos de Coros y Danzas de Ronda y Coros y Danzas de Ingenio, a los que se sumar\u00e1n la Banda de la Sociedad Musical Villa de Ingenio y varias agrupaciones folcl\u00f3ricas del sureste como Guayadeque de Carrizal, Las Mahoreras, Amigos del Carrizal 7 Islas y Tacoremi.<\/span><\/p>\n<p class=\"x_MsoNormal\"><span lang=\"ES-TRAD\">Todos ellos mostraran la singularidad de sus bailes tradicionales y la vistosidad de sus respectivas indumentarias. El pasacalle del casco de Ingenio volver\u00e1 a repetirse el jueves, d\u00eda 23 de julio, en Carrizal, en donde a partir de las 20:30 horas, partir\u00e1 desde El Toril para concluir en la Plaza del Buen Suceso.<\/span><\/p>\n<p class=\"x_MsoNormal\"><span lang=\"ES-TRAD\">Desde las danzas guerreras y colectivas armenias como la Yarkhushta o el Kochari a los cantos polif\u00f3nicos solemnes b\u00falgaros al comp\u00e1s de instrumentos musicales como la gajda o el tupan, pasando por las acrobacias, m\u00e1scaras rituales y percusi\u00f3n costamarfile\u00f1a en la que sobresale la fuerza de los tambores Doum, o las danzas tradicionales milenarias griegas como el sirtaki y el hasapiko. Si a ello le sumamos la tradicional bomba y la plena puertorrique\u00f1a, las danzas abor\u00edgenes taiwanesas, las serranas, fandangos abandolados, ronde\u00f1as y verdiales malague\u00f1os o las polkas e isas de Canarias, este pasacalle constituye la verdadera esencia multicultural de este festival que impulsa desde hace m\u00e1s de tres d\u00e9cadas la Asociaci\u00f3n Cultural Coros y Danzas del citado municipio con la estrecha colaboraci\u00f3n del ayuntamiento de la citada villa y el patrocinio del Cabildo de Gran Canaria.<\/span><\/p>\n<p class=\"x_MsoNormal\"><span lang=\"ES-TRAD\">Como advierte la alcaldesa de Ingenio, Vanesa Mart\u00edn, el evento, declarado Fiesta de Inter\u00e9s Tur\u00edstico de Canarias y considerado por el Consejo Internacional de Organizaciones de Festivales de Folclore y de las Artes Tradicionales de la UNESCO, como un referente cultural en el Atl\u00e1ntico Medio por la oferta que propone su programa, \u201cconvierte al municipio en un espacio de encuentro donde la m\u00fasica, la danza y las tradiciones nos acercan a diferentes culturas del mundo para celebrar la riqueza de su diversidad cultural\u201d.<\/span><\/p>\n","protected":false},"excerpt":{"rendered":"<p>21\/7\/2026.-\u00a0El popular pasacalle multicultural que impulsa cada a\u00f1o el Festival Internacional de Folclore \u2018Muestra Solidaria de los Pueblos\u2019 se desarrolla ma\u00f1ana mi\u00e9rcoles, d\u00eda 22 de julio, a las 20:30 horas,&hellip;<\/p>\n","protected":false},"author":14,"featured_media":128,"comment_status":"open","ping_status":"open","sticky":false,"template":"","format":"standard","meta":{"wpai_generated_summary":"","wpai_meta_description":"","footnotes":""},"categories":[130],"tags":[],"class_list":["post-127","post","type-post","status-publish","format-standard","has-post-thumbnail","hentry","category-ayuntamiento-de-ingenio"],"_links":{"self":[{"href":"https:\/\/nublo.tv\/index.php\/wp-json\/wp\/v2\/posts\/127","targetHints":{"allow":["GET"]}}],"collection":[{"href":"https:\/\/nublo.tv\/index.php\/wp-json\/wp\/v2\/posts"}],"about":[{"href":"https:\/\/nublo.tv\/index.php\/wp-json\/wp\/v2\/types\/post"}],"author":[{"embeddable":true,"href":"https:\/\/nublo.tv\/index.php\/wp-json\/wp\/v2\/users\/14"}],"replies":[{"embeddable":true,"href":"https:\/\/nublo.tv\/index.php\/wp-json\/wp\/v2\/comments?post=127"}],"version-history":[{"count":1,"href":"https:\/\/nublo.tv\/index.php\/wp-json\/wp\/v2\/posts\/127\/revisions"}],"predecessor-version":[{"id":606,"href":"https:\/\/nublo.tv\/index.php\/wp-json\/wp\/v2\/posts\/127\/revisions\/606"}],"wp:featuredmedia":[{"embeddable":true,"href":"https:\/\/nublo.tv\/index.php\/wp-json\/wp\/v2\/media\/128"}],"wp:attachment":[{"href":"https:\/\/nublo.tv\/index.php\/wp-json\/wp\/v2\/media?parent=127"}],"wp:term":[{"taxonomy":"category","embeddable":true,"href":"https:\/\/nublo.tv\/index.php\/wp-json\/wp\/v2\/categories?post=127"},{"taxonomy":"post_tag","embeddable":true,"href":"https:\/\/nublo.tv\/index.php\/wp-json\/wp\/v2\/tags?post=127"}],"curies":[{"name":"wp","href":"https:\/\/api.w.org\/{rel}","templated":true}]}}