{"id":132,"date":"2026-08-04T17:19:27","date_gmt":"2026-08-04T16:19:27","guid":{"rendered":"https:\/\/nublo.tv\/?p=132"},"modified":"2026-08-04T17:19:27","modified_gmt":"2026-08-04T16:19:27","slug":"la-aldea-de-san-nicolas-destina-5-000-euros-para-premiar-la-excelencia-de-los-mejores-expedientes-academicos-del-municipio","status":"publish","type":"post","link":"https:\/\/nublo.tv\/index.php\/2026\/08\/04\/la-aldea-de-san-nicolas-destina-5-000-euros-para-premiar-la-excelencia-de-los-mejores-expedientes-academicos-del-municipio\/","title":{"rendered":"La Aldea de San Nicol\u00e1s destina 5.000 euros para premiar la excelencia de los mejores expedientes acad\u00e9micos del municipio"},"content":{"rendered":"<p>El Ayuntamiento convoca la VII Edici\u00f3n de estos galardones, que reconocer\u00e1n el esfuerzo de 17 estudiantes de Primaria, Secundaria, Bachillerato y Formaci\u00f3n Profesional del curso 2025\/2026<\/p>\n<p>El Ayuntamiento de La Aldea de San Nicol\u00e1s, a trav\u00e9s de la Concejal\u00eda de Educaci\u00f3n, ha dado luz verde a la convocatoria de la \u00abVII Edici\u00f3n de los premios al mejor expediente acad\u00e9mico 2025\/2026\u00bb. Esta iniciativa tiene como principal objetivo otorgar un reconocimiento p\u00fablico al esfuerzo, la dedicaci\u00f3n y la excelencia del alumnado del municipio, adem\u00e1s de servir como incentivo econ\u00f3mico para continuar su formaci\u00f3n en la pr\u00f3xima etapa educativa.<\/p>\n<p>El expediente, aprobado con un cr\u00e9dito presupuestario de 5.000 euros, contempla la concesi\u00f3n de un total de 17 premios dirigidos a aquellos estudiantes empadronados en el municipio que hayan alcanzado los mejores resultados acad\u00e9micos. Para poder optar a este galard\u00f3n, los candidatos deber\u00e1n estar matriculados en los centros educativos de La Aldea y obtener una puntuaci\u00f3n media global igual o superior al sobresaliente (9), sin haber recibido ning\u00fan apercibimiento disciplinario durante el curso. Asimismo, las bases establecen que, en caso de empate entre dos o m\u00e1s solicitantes, se proceder\u00e1 al reparto del premio correspondiente entre el alumnado que tenga la misma puntuaci\u00f3n<\/p>\n<p>El reparto de los premios abarcar\u00e1 todas las etapas educativas que culminan ciclo. En concreto, se premiar\u00e1 a cuatro estudiantes de 6\u00ba de Primaria (uno por cada CEIP: Virgen del Carmen, La Ladera, La Cardonera y Tasarte) con una dotaci\u00f3n de 100 euros cada uno. Asimismo, se reconocer\u00e1 a cuatro alumnos de 4\u00ba de la ESO (en concreto, se otorgar\u00e1 un premio por cada curso, dotados con 250 euros cada uno) y a dos estudiantes de 2\u00ba de Bachillerato, uno en la modalidad de Humanidades y Ciencias Sociales y otro en Ciencias y Tecnolog\u00eda, con 450 euros para cada uno.<\/p>\n<p>La Formaci\u00f3n Profesional impartida en el IES La Aldea de San Nicol\u00e1s tiene tambi\u00e9n un peso destacado en estos galardones, con el fin de prestigiar esta v\u00eda formativa fundamental para el desarrollo socioecon\u00f3mico local. As\u00ed, se premiar\u00e1 con 250 euros al mejor expediente de Grado B\u00e1sico (Servicios Comerciales) y con 350 euros a los cuatro mejores de Grado Medio (Cuidados Auxiliares de Enfermer\u00eda, Gesti\u00f3n Administrativa, Jardiner\u00eda y Florister\u00eda, y Actividades Comerciales). Finalmente, los expedientes m\u00e1s brillantes de los Ciclos Formativos de Grado Superior (Administraci\u00f3n y Finanzas, y Gesti\u00f3n Forestal y del Medio Natural) recibir\u00e1n un cheque de 525 euros.<\/p>\n<p>\u00abNuestros j\u00f3venes son el mayor activo que tiene La Aldea. Con estos premios no solo aplaudimos las horas de estudio, la constancia y el sacrificio de nuestro alumnado, sino que reafirmamos nuestro compromiso real con las familias aldeanas, aportando una ayuda econ\u00f3mica que alivie los gastos de la siguiente etapa educativa. Seguiremos apostando por el talento local como motor indispensable para el futuro de nuestro pueblo\u00bb, ha destacado el alcalde de La Aldea de San Nicol\u00e1s, Pedro Su\u00e1rez.<\/p>\n<p>Las personas interesadas en participar en esta convocatoria dispondr\u00e1n de un plazo de 20 d\u00edas h\u00e1biles para presentar sus solicitudes, contados a partir del d\u00eda siguiente a la publicaci\u00f3n del extracto de las bases en el Bolet\u00edn Oficial de la Provincia (BOP). La tramitaci\u00f3n podr\u00e1 realizarse de manera presencial a trav\u00e9s del Registro del Ayuntamiento o telem\u00e1ticamente mediante la Sede Electr\u00f3nica municipal, adjuntando la copia del expediente acad\u00e9mico o boletines de notas correspondientes.<\/p>\n<p>Con esta s\u00e9ptima edici\u00f3n, el Ayuntamiento de La Aldea de San Nicol\u00e1s consolida una medida que refuerza su compromiso con la educaci\u00f3n de calidad, la igualdad de oportunidades y el apoyo integral a la juventud, promoviendo el \u00e9xito escolar como base para el desarrollo del municipio.<\/p>\n","protected":false},"excerpt":{"rendered":"<p>El Ayuntamiento convoca la VII Edici\u00f3n de estos galardones, que reconocer\u00e1n el esfuerzo de 17 estudiantes de Primaria, Secundaria, Bachillerato y Formaci\u00f3n Profesional del curso 2025\/2026El Ayuntamiento de La Aldea&hellip;<\/p>\n","protected":false},"author":15,"featured_media":133,"comment_status":"open","ping_status":"open","sticky":false,"template":"","format":"standard","meta":{"wpai_generated_summary":"","wpai_meta_description":"","footnotes":""},"categories":[131],"tags":[],"class_list":["post-132","post","type-post","status-publish","format-standard","has-post-thumbnail","hentry","category-ayuntamiento-de-la-aldea-de-san-nicolas"],"_links":{"self":[{"href":"https:\/\/nublo.tv\/index.php\/wp-json\/wp\/v2\/posts\/132","targetHints":{"allow":["GET"]}}],"collection":[{"href":"https:\/\/nublo.tv\/index.php\/wp-json\/wp\/v2\/posts"}],"about":[{"href":"https:\/\/nublo.tv\/index.php\/wp-json\/wp\/v2\/types\/post"}],"author":[{"embeddable":true,"href":"https:\/\/nublo.tv\/index.php\/wp-json\/wp\/v2\/users\/15"}],"replies":[{"embeddable":true,"href":"https:\/\/nublo.tv\/index.php\/wp-json\/wp\/v2\/comments?post=132"}],"version-history":[{"count":1,"href":"https:\/\/nublo.tv\/index.php\/wp-json\/wp\/v2\/posts\/132\/revisions"}],"predecessor-version":[{"id":400,"href":"https:\/\/nublo.tv\/index.php\/wp-json\/wp\/v2\/posts\/132\/revisions\/400"}],"wp:featuredmedia":[{"embeddable":true,"href":"https:\/\/nublo.tv\/index.php\/wp-json\/wp\/v2\/media\/133"}],"wp:attachment":[{"href":"https:\/\/nublo.tv\/index.php\/wp-json\/wp\/v2\/media?parent=132"}],"wp:term":[{"taxonomy":"category","embeddable":true,"href":"https:\/\/nublo.tv\/index.php\/wp-json\/wp\/v2\/categories?post=132"},{"taxonomy":"post_tag","embeddable":true,"href":"https:\/\/nublo.tv\/index.php\/wp-json\/wp\/v2\/tags?post=132"}],"curies":[{"name":"wp","href":"https:\/\/api.w.org\/{rel}","templated":true}]}}