{"id":134,"date":"2026-08-04T17:37:06","date_gmt":"2026-08-04T16:37:06","guid":{"rendered":"https:\/\/nublo.tv\/?p=134"},"modified":"2026-08-04T17:37:06","modified_gmt":"2026-08-04T16:37:06","slug":"la-banda-municipal-de-musica-de-la-real-ciudad-de-galdar-a-ritmo-de-merengue-rumba-y-pop","status":"publish","type":"post","link":"https:\/\/nublo.tv\/index.php\/2026\/08\/04\/la-banda-municipal-de-musica-de-la-real-ciudad-de-galdar-a-ritmo-de-merengue-rumba-y-pop\/","title":{"rendered":"La Banda Municipal de M\u00fasica de la Real Ciudad de G\u00e1ldar a ritmo de merengue, rumba y pop"},"content":{"rendered":"<p>\u2013 El Concierto Extraordinario de la formaci\u00f3n convierte el escenario de las Fiestas de Santiago en una fabulosa fiesta con temas de Alaska, Camela, F\u00f3rmula V o Isabel Pantoja<\/p>\n<p>La Banda Municipal de M\u00fasica de la Real Ciudad de G\u00e1ldar lo ha vuelto a conseguir. Su Concierto Extraordinario con motivo de las 544\u00aa Fiestas Mayores de Santiago organizadas por la concejal\u00eda de Cultura y Fiestas del Ayuntamiento de G\u00e1ldar que dirige Julio Mateo Castillo ha vuelto a acercar la m\u00fasica sinf\u00f3nica a todos los p\u00fablicos convirtiendo el escenario de la Plaza de Santiago en una verdadera fiesta.<\/p>\n<p>En esta ocasi\u00f3n, el virtuosismo de su centenar de componentes bajo la direcci\u00f3n de Rub\u00e9n Guerrero se pon\u00eda al servicio de la mejor m\u00fasica espa\u00f1ola y latina, dando como resultado una m\u00e1gica combinaci\u00f3n de versiones que hac\u00edan cantar y bailar a todos los asistentes, con un repertorio din\u00e1mico y lleno de temas que han marcado a varias generaciones.<\/p>\n<p>La banda arrancaba sorprendiendo a los asistentes a ritmo de uno de los grupos m\u00edticos de la m\u00fasica espa\u00f1ola, F\u00f3rmula V, con temas tan recordados como \u201cLa Fiesta de Blas\u201d, \u201cEva Mar\u00eda\u201d o \u201cVacaciones de verano\u201d.<\/p>\n<p>Giro de guion a la copla espa\u00f1ola m\u00e1s representativa que dejaba a los asistentes completamente enganchados, la banda se atrev\u00eda nada m\u00e1s y nada menos que con Isabel Pantoja y temas como \u201cEl veneno\u201d o \u201cMarinero de Luces\u201d para seguir a ritmo de rumba con la inolvidable \u201cA dos aguas\u201d de Paco de Luc\u00eda o \u201cNi m\u00e1s ni menos\u201d entre otras grandes canciones.<\/p>\n<p> Un repertorio muy variado y din\u00e1mico en el que no val\u00edan las excusas para no bailar y que continuaba con los grandes \u00e9xitos de Alaska o lo mejor del merengue. Y como punto final, un peque\u00f1o gui\u00f1o a los artistas que este a\u00f1o cierran el programa de las Fiestas Mayores de Santiago de G\u00e1ldar, los m\u00edticos Camela. Instrumentos de viento, cuerda y percusi\u00f3n versionaban entonces su \u201cSue\u00f1os inalcanzables\u201d, \u201cT\u00fa te has burlado de m\u00ed\u201d o \u201cCoraz\u00f3n Indomable\u201d.<\/p>\n<p>Pero a\u00fan quedaban sorpresas, en esta ocasi\u00f3n un peque\u00f1o recorrido por los \u00e9xitos m\u00e1s bailados del verano, \u201cSuperestrella\u201d, \u201cLa Morocha\u201d y, por supuesto, homenaje al canario Quevedo, con sus \u00e9xitos \u201cAl Golpito\u201d y \u201cLa Graciosa\u201d coreados por un p\u00fablico en pie totalmente entregado. Despedida por todo lo alto con la banda disfrazada y tocando al ritmo de \u201cMarejada\u201d.<\/p>\n<p>Una noche inolvidable, divertida y \u00fanica, el concierto perfecto para que toda la familia disfrute de la m\u00fasica sinf\u00f3nica en una cita cercana y participativa con la extraordinaria calidad interpretativa de la Banda Municipal de M\u00fasica de la Real Ciudad de G\u00e1ldar, firmemente comprometida con la difusi\u00f3n de la m\u00fasica y la programaci\u00f3n cultural de las Fiestas Mayores de Santiago de G\u00e1ldar.<\/p>\n","protected":false},"excerpt":{"rendered":"<p>\u2013 El Concierto Extraordinario de la formaci\u00f3n convierte el escenario de las Fiestas de Santiago en una fabulosa fiesta con temas de Alaska, Camela, F\u00f3rmula V o Isabel PantojaLa Banda&hellip;<\/p>\n","protected":false},"author":2,"featured_media":135,"comment_status":"open","ping_status":"open","sticky":false,"template":"","format":"standard","meta":{"wpai_generated_summary":"","wpai_meta_description":"","footnotes":""},"categories":[129],"tags":[],"class_list":["post-134","post","type-post","status-publish","format-standard","has-post-thumbnail","hentry","category-ayuntamiento-de-galdar"],"_links":{"self":[{"href":"https:\/\/nublo.tv\/index.php\/wp-json\/wp\/v2\/posts\/134","targetHints":{"allow":["GET"]}}],"collection":[{"href":"https:\/\/nublo.tv\/index.php\/wp-json\/wp\/v2\/posts"}],"about":[{"href":"https:\/\/nublo.tv\/index.php\/wp-json\/wp\/v2\/types\/post"}],"author":[{"embeddable":true,"href":"https:\/\/nublo.tv\/index.php\/wp-json\/wp\/v2\/users\/2"}],"replies":[{"embeddable":true,"href":"https:\/\/nublo.tv\/index.php\/wp-json\/wp\/v2\/comments?post=134"}],"version-history":[{"count":1,"href":"https:\/\/nublo.tv\/index.php\/wp-json\/wp\/v2\/posts\/134\/revisions"}],"predecessor-version":[{"id":581,"href":"https:\/\/nublo.tv\/index.php\/wp-json\/wp\/v2\/posts\/134\/revisions\/581"}],"wp:featuredmedia":[{"embeddable":true,"href":"https:\/\/nublo.tv\/index.php\/wp-json\/wp\/v2\/media\/135"}],"wp:attachment":[{"href":"https:\/\/nublo.tv\/index.php\/wp-json\/wp\/v2\/media?parent=134"}],"wp:term":[{"taxonomy":"category","embeddable":true,"href":"https:\/\/nublo.tv\/index.php\/wp-json\/wp\/v2\/categories?post=134"},{"taxonomy":"post_tag","embeddable":true,"href":"https:\/\/nublo.tv\/index.php\/wp-json\/wp\/v2\/tags?post=134"}],"curies":[{"name":"wp","href":"https:\/\/api.w.org\/{rel}","templated":true}]}}