{"id":1343,"date":"2026-08-05T23:54:36","date_gmt":"2026-08-05T22:54:36","guid":{"rendered":"https:\/\/nublo.tv\/?p=1343"},"modified":"2026-08-05T23:54:36","modified_gmt":"2026-08-05T22:54:36","slug":"el-programa-de-ayudas-al-sector-empresarial-local-por-perdidas-ligadas-a-las-obras-publicas-finaliza-el-4-de-agosto","status":"publish","type":"post","link":"https:\/\/nublo.tv\/index.php\/2026\/08\/05\/el-programa-de-ayudas-al-sector-empresarial-local-por-perdidas-ligadas-a-las-obras-publicas-finaliza-el-4-de-agosto\/","title":{"rendered":"El programa de ayudas al sector empresarial local por p\u00e9rdidas ligadas a las obras p\u00fablicas finaliza el 4 de agosto"},"content":{"rendered":"<div><img decoding=\"async\" src=\"http:\/\/www.arucas.org\/documentos\/noticia_ayudas_sector_empresasrial_local.jpg\" style=\"width: 100%\" \/><\/p>\n<div><img decoding=\"async\" src=\"http:\/\/www.arucas.org\/documentos\/noticia_ayudas_sector_empresasrial_local.jpg\" alt=\"Imagen relacionada\" style=\"max-width: 100%\" \/><\/p>\n<p style=\"text-align: justify\"><strong>Se destinar\u00e1n 150.000 euros para compensar las p\u00e9rdidas econ\u00f3micas de aut\u00f3nomos y pymes del municipio. Las solicitudes deben realizarse exclusivamente de forma telem\u00e1tica a trav\u00e9s de la sede electr\u00f3nica, en el apartado \u201cTr\u00e1mites destacados\u201d.<\/strong><\/p>\n<\/div>\n<\/div>\n","protected":false},"excerpt":{"rendered":"<p>Se destinar\u00e1n 150.000 euros para compensar las p\u00e9rdidas econ\u00f3micas de aut\u00f3nomos y pymes del municipio. Las solicitudes deben realizarse exclusivamente de forma telem\u00e1tica a trav\u00e9s de la sede electr\u00f3nica, en&hellip;<\/p>\n","protected":false},"author":1,"featured_media":1344,"comment_status":"open","ping_status":"open","sticky":false,"template":"","format":"standard","meta":{"wpai_generated_summary":"","wpai_meta_description":"","footnotes":""},"categories":[127],"tags":[],"class_list":["post-1343","post","type-post","status-publish","format-standard","has-post-thumbnail","hentry","category-ayuntamiento-de-arucas"],"_links":{"self":[{"href":"https:\/\/nublo.tv\/index.php\/wp-json\/wp\/v2\/posts\/1343","targetHints":{"allow":["GET"]}}],"collection":[{"href":"https:\/\/nublo.tv\/index.php\/wp-json\/wp\/v2\/posts"}],"about":[{"href":"https:\/\/nublo.tv\/index.php\/wp-json\/wp\/v2\/types\/post"}],"author":[{"embeddable":true,"href":"https:\/\/nublo.tv\/index.php\/wp-json\/wp\/v2\/users\/1"}],"replies":[{"embeddable":true,"href":"https:\/\/nublo.tv\/index.php\/wp-json\/wp\/v2\/comments?post=1343"}],"version-history":[{"count":1,"href":"https:\/\/nublo.tv\/index.php\/wp-json\/wp\/v2\/posts\/1343\/revisions"}],"predecessor-version":[{"id":1568,"href":"https:\/\/nublo.tv\/index.php\/wp-json\/wp\/v2\/posts\/1343\/revisions\/1568"}],"wp:featuredmedia":[{"embeddable":true,"href":"https:\/\/nublo.tv\/index.php\/wp-json\/wp\/v2\/media\/1344"}],"wp:attachment":[{"href":"https:\/\/nublo.tv\/index.php\/wp-json\/wp\/v2\/media?parent=1343"}],"wp:term":[{"taxonomy":"category","embeddable":true,"href":"https:\/\/nublo.tv\/index.php\/wp-json\/wp\/v2\/categories?post=1343"},{"taxonomy":"post_tag","embeddable":true,"href":"https:\/\/nublo.tv\/index.php\/wp-json\/wp\/v2\/tags?post=1343"}],"curies":[{"name":"wp","href":"https:\/\/api.w.org\/{rel}","templated":true}]}}