{"id":1351,"date":"2026-08-05T23:54:36","date_gmt":"2026-08-05T22:54:36","guid":{"rendered":"https:\/\/nublo.tv\/?p=1351"},"modified":"2026-08-05T23:54:36","modified_gmt":"2026-08-05T22:54:36","slug":"el-ayuntamiento-firma-el-contrato-para-la-ejecucion-de-la-primera-fase-de-las-nuevas-oficinas-municipales","status":"publish","type":"post","link":"https:\/\/nublo.tv\/index.php\/2026\/08\/05\/el-ayuntamiento-firma-el-contrato-para-la-ejecucion-de-la-primera-fase-de-las-nuevas-oficinas-municipales\/","title":{"rendered":"El Ayuntamiento firma el contrato para la ejecuci\u00f3n de la primera fase de las nuevas oficinas municipales"},"content":{"rendered":"<div><img decoding=\"async\" src=\"http:\/\/www.arucas.org\/documentos\/noticia_contrato_primera_fase_nuevas_oficinas_municipales.jpg\" style=\"width: 100%\" \/><\/p>\n<div><img decoding=\"async\" src=\"http:\/\/www.arucas.org\/documentos\/noticia_contrato_primera_fase_nuevas_oficinas_municipales.jpg\" alt=\"Imagen relacionada\" style=\"max-width: 100%\" \/><\/p>\n<p style=\"text-align: justify\">Esta primera fase tiene un plazo de ejecuci\u00f3n de 24 meses, a cuyo t\u00e9rmino tendr\u00e1n que estar listas las plantas baja, primera y la cubierta del edificio.<\/p>\n<\/div>\n<\/div>\n","protected":false},"excerpt":{"rendered":"<p>Esta primera fase tiene un plazo de ejecuci\u00f3n de 24 meses, a cuyo t\u00e9rmino tendr\u00e1n que estar listas las plantas baja, primera y la cubierta del edificio.<\/p>\n","protected":false},"author":1,"featured_media":1352,"comment_status":"open","ping_status":"open","sticky":false,"template":"","format":"standard","meta":{"wpai_generated_summary":"","wpai_meta_description":"","footnotes":""},"categories":[127],"tags":[],"class_list":["post-1351","post","type-post","status-publish","format-standard","has-post-thumbnail","hentry","category-ayuntamiento-de-arucas"],"_links":{"self":[{"href":"https:\/\/nublo.tv\/index.php\/wp-json\/wp\/v2\/posts\/1351","targetHints":{"allow":["GET"]}}],"collection":[{"href":"https:\/\/nublo.tv\/index.php\/wp-json\/wp\/v2\/posts"}],"about":[{"href":"https:\/\/nublo.tv\/index.php\/wp-json\/wp\/v2\/types\/post"}],"author":[{"embeddable":true,"href":"https:\/\/nublo.tv\/index.php\/wp-json\/wp\/v2\/users\/1"}],"replies":[{"embeddable":true,"href":"https:\/\/nublo.tv\/index.php\/wp-json\/wp\/v2\/comments?post=1351"}],"version-history":[{"count":1,"href":"https:\/\/nublo.tv\/index.php\/wp-json\/wp\/v2\/posts\/1351\/revisions"}],"predecessor-version":[{"id":1563,"href":"https:\/\/nublo.tv\/index.php\/wp-json\/wp\/v2\/posts\/1351\/revisions\/1563"}],"wp:featuredmedia":[{"embeddable":true,"href":"https:\/\/nublo.tv\/index.php\/wp-json\/wp\/v2\/media\/1352"}],"wp:attachment":[{"href":"https:\/\/nublo.tv\/index.php\/wp-json\/wp\/v2\/media?parent=1351"}],"wp:term":[{"taxonomy":"category","embeddable":true,"href":"https:\/\/nublo.tv\/index.php\/wp-json\/wp\/v2\/categories?post=1351"},{"taxonomy":"post_tag","embeddable":true,"href":"https:\/\/nublo.tv\/index.php\/wp-json\/wp\/v2\/tags?post=1351"}],"curies":[{"name":"wp","href":"https:\/\/api.w.org\/{rel}","templated":true}]}}