{"id":136,"date":"2026-08-04T17:37:06","date_gmt":"2026-08-04T16:37:06","guid":{"rendered":"https:\/\/nublo.tv\/?p=136"},"modified":"2026-08-04T17:37:06","modified_gmt":"2026-08-04T16:37:06","slug":"el-templo-santuario-de-santiago-celebra-el-centenario-de-la-consagracion-del-altar-mayor","status":"publish","type":"post","link":"https:\/\/nublo.tv\/index.php\/2026\/08\/04\/el-templo-santuario-de-santiago-celebra-el-centenario-de-la-consagracion-del-altar-mayor\/","title":{"rendered":"El Templo Santuario de Santiago celebra el centenario de la consagraci\u00f3n del altar mayor"},"content":{"rendered":"<p>El Templo Santuario de Santiago ha celebrado en la tarde de este jueves una eucarist\u00eda especial ya que durante la misma se conmemor\u00f3 el centenario de la consagraci\u00f3n de su altar mayor. La ceremonia estuvo presidida por el Obispo Auxiliar de la Di\u00f3cesis de Canarias, Crist\u00f3bal D\u00e9niz; por el rector del Santuario de Santiago, Manuel Reyes Brito; por el Vicario episcopal del Centro-Norte de Gran Canaria, Marcos Arencibia y cont\u00f3 con la presencia de Teodoro Sosa, alcalde de G\u00e1ldar.<\/p>\n<p>Se trata de uno de los actos religiosos m\u00e1s significativos de las Fiestas Mayores de Santiago 2026, una celebraci\u00f3n de profundo significado hist\u00f3rico y espiritual para la comunidad parroquial y para el municipio. Durante la eucarist\u00eda tuvo lugar el rito de dedicaci\u00f3n del actual altar, recientemente restaurado mediante trabajos de plateado y revestimiento en m\u00e1rmol.<\/p>\n<p>La ceremonia comenz\u00f3 con la bendici\u00f3n del nuevo amb\u00f3n, el espacio desde el que se proclama la Palabra de Dios. Posteriormente se desarroll\u00f3 el rito de dedicaci\u00f3n del altar, para el que es necesaria la presencia de un obispo, quien procede a su consagraci\u00f3n mediante la unci\u00f3n con el Santo Crisma.<\/p>\n<p>En el acto se record\u00f3 adem\u00e1s la consagraci\u00f3n original del altar mayor, llevada a cabo en 1926 por el entonces Obispo de la Di\u00f3cesis de Canarias, Miguel Serra y Sucarrats. Un siglo despu\u00e9s, la Iglesia de Santiago ha querido conmemorar aquella efem\u00e9ride a trav\u00e9s de una ceremonia que reuni\u00f3 a numerosos fieles y vecinos.<\/p>\n<p>De esta manera G\u00e1ldar contin\u00faa con la puesta a punto hacia el A\u00f1o Jacobeo 2027, toda vez que la mejora del altar se suma a los trabajos de restauraci\u00f3n de los murales del lateral de la Iglesia que resta y que desarrolla la Consejer\u00eda de Presidencia del Cabildo de Gran Canaria, a trav\u00e9s del Servicio de Patrimonio Hist\u00f3rico.<\/p>\n","protected":false},"excerpt":{"rendered":"<p>El Templo Santuario de Santiago ha celebrado en la tarde de este jueves una eucarist\u00eda especial ya que durante la misma se conmemor\u00f3 el centenario de la consagraci\u00f3n de su&hellip;<\/p>\n","protected":false},"author":2,"featured_media":137,"comment_status":"open","ping_status":"open","sticky":false,"template":"","format":"standard","meta":{"wpai_generated_summary":"","wpai_meta_description":"","footnotes":""},"categories":[129],"tags":[],"class_list":["post-136","post","type-post","status-publish","format-standard","has-post-thumbnail","hentry","category-ayuntamiento-de-galdar"],"_links":{"self":[{"href":"https:\/\/nublo.tv\/index.php\/wp-json\/wp\/v2\/posts\/136","targetHints":{"allow":["GET"]}}],"collection":[{"href":"https:\/\/nublo.tv\/index.php\/wp-json\/wp\/v2\/posts"}],"about":[{"href":"https:\/\/nublo.tv\/index.php\/wp-json\/wp\/v2\/types\/post"}],"author":[{"embeddable":true,"href":"https:\/\/nublo.tv\/index.php\/wp-json\/wp\/v2\/users\/2"}],"replies":[{"embeddable":true,"href":"https:\/\/nublo.tv\/index.php\/wp-json\/wp\/v2\/comments?post=136"}],"version-history":[{"count":1,"href":"https:\/\/nublo.tv\/index.php\/wp-json\/wp\/v2\/posts\/136\/revisions"}],"predecessor-version":[{"id":582,"href":"https:\/\/nublo.tv\/index.php\/wp-json\/wp\/v2\/posts\/136\/revisions\/582"}],"wp:featuredmedia":[{"embeddable":true,"href":"https:\/\/nublo.tv\/index.php\/wp-json\/wp\/v2\/media\/137"}],"wp:attachment":[{"href":"https:\/\/nublo.tv\/index.php\/wp-json\/wp\/v2\/media?parent=136"}],"wp:term":[{"taxonomy":"category","embeddable":true,"href":"https:\/\/nublo.tv\/index.php\/wp-json\/wp\/v2\/categories?post=136"},{"taxonomy":"post_tag","embeddable":true,"href":"https:\/\/nublo.tv\/index.php\/wp-json\/wp\/v2\/tags?post=136"}],"curies":[{"name":"wp","href":"https:\/\/api.w.org\/{rel}","templated":true}]}}