{"id":1369,"date":"2026-08-05T23:54:37","date_gmt":"2026-08-05T22:54:37","guid":{"rendered":"https:\/\/nublo.tv\/?p=1369"},"modified":"2026-08-05T23:54:37","modified_gmt":"2026-08-05T22:54:37","slug":"calendario-de-fiestas-del-municipio","status":"publish","type":"post","link":"https:\/\/nublo.tv\/index.php\/2026\/08\/05\/calendario-de-fiestas-del-municipio\/","title":{"rendered":"Calendario de fiestas del municipio"},"content":{"rendered":"<p>Fiestas principales de la Villa de Moya<\/p>\n<p>2 de febrero: Festividad de la Patrona de la Villa de Moya, Nuestra Se\u00f1ora de Candelaria<\/p>\n<p>16 de junio: Corpus Christi<\/p>\n<p>\u00daltimo s\u00e1bado de junio: Sagrado Coraz\u00f3n de Jes\u00fas<\/p>\n<p>13 de junio: San Antonio de Padua<\/p>\n<p>28 de octubre: Compatrono del municipio San Judas Tadeo<\/p>\n<p>Diciembre-enero: Navidad<\/p>\n<p>Febrero: Carnaval<\/p>\n<p>Fiestas en los barrios moyenses<\/p>\n<p>\u00daltimo domingo de junio: Sagrado Coraz\u00f3n de Jes\u00fas &#8211; El Pagador<\/p>\n<p>Primer domingo de julio: Mar\u00eda Auxiliadora &#8211; Barranco del Laurel<\/p>\n<p>16 de julio: Nuestra Se\u00f1ora del Carmen: Barrio de Trujillo y Fontanales<\/p>\n<p>25 de julio: Ap\u00f3stol Santiago &#8211; El Lance<\/p>\n<p>Primer domingo de agosto: Nuestra Se\u00f1ora de Guadalupe &#8211; Carreter\u00eda<\/p>\n<p>Segundo domingo de agosto: Sagrado Coraz\u00f3n de Mar\u00eda &#8211; Lomo Blanco<\/p>\n<p>24 de agosto: San Bartolom\u00e9 &#8211; Fontanales.<\/p>\n<p>Primer domingo de septiembre: San Mart\u00edn de Porres &#8211; El Front\u00f3n<\/p>\n","protected":false},"excerpt":{"rendered":"<p>Fiestas principales de la Villa de Moya 2 de febrero: Festividad de la Patrona de la Villa de Moya, Nuestra Se\u00f1ora de Candelaria 16 de junio: Corpus Christi \u00daltimo s\u00e1bado de junio: Sagrado Coraz\u00f3n de Jes\u00fas 13 de junio: San Antonio de Padua 28 de octubre: Compatrono del municipio San Judas Tadeo Diciembre-enero: Navidad Febrero: [&hellip;]<\/p>\n","protected":false},"author":1,"featured_media":1581,"comment_status":"open","ping_status":"open","sticky":false,"template":"","format":"standard","meta":{"wpai_generated_summary":"","wpai_meta_description":"","footnotes":""},"categories":[134],"tags":[],"class_list":["post-1369","post","type-post","status-publish","format-standard","has-post-thumbnail","hentry","category-ayuntamiento-de-moya"],"_links":{"self":[{"href":"https:\/\/nublo.tv\/index.php\/wp-json\/wp\/v2\/posts\/1369","targetHints":{"allow":["GET"]}}],"collection":[{"href":"https:\/\/nublo.tv\/index.php\/wp-json\/wp\/v2\/posts"}],"about":[{"href":"https:\/\/nublo.tv\/index.php\/wp-json\/wp\/v2\/types\/post"}],"author":[{"embeddable":true,"href":"https:\/\/nublo.tv\/index.php\/wp-json\/wp\/v2\/users\/1"}],"replies":[{"embeddable":true,"href":"https:\/\/nublo.tv\/index.php\/wp-json\/wp\/v2\/comments?post=1369"}],"version-history":[{"count":1,"href":"https:\/\/nublo.tv\/index.php\/wp-json\/wp\/v2\/posts\/1369\/revisions"}],"predecessor-version":[{"id":1580,"href":"https:\/\/nublo.tv\/index.php\/wp-json\/wp\/v2\/posts\/1369\/revisions\/1580"}],"wp:featuredmedia":[{"embeddable":true,"href":"https:\/\/nublo.tv\/index.php\/wp-json\/wp\/v2\/media\/1581"}],"wp:attachment":[{"href":"https:\/\/nublo.tv\/index.php\/wp-json\/wp\/v2\/media?parent=1369"}],"wp:term":[{"taxonomy":"category","embeddable":true,"href":"https:\/\/nublo.tv\/index.php\/wp-json\/wp\/v2\/categories?post=1369"},{"taxonomy":"post_tag","embeddable":true,"href":"https:\/\/nublo.tv\/index.php\/wp-json\/wp\/v2\/tags?post=1369"}],"curies":[{"name":"wp","href":"https:\/\/api.w.org\/{rel}","templated":true}]}}