{"id":138,"date":"2026-08-04T17:37:06","date_gmt":"2026-08-04T16:37:06","guid":{"rendered":"https:\/\/nublo.tv\/?p=138"},"modified":"2026-08-04T17:37:06","modified_gmt":"2026-08-04T16:37:06","slug":"galdar-honra-a-fernando-guanarteme-con-un-capitulo-extraordinario-dedicado-a-la-figura-de-andamana","status":"publish","type":"post","link":"https:\/\/nublo.tv\/index.php\/2026\/08\/04\/galdar-honra-a-fernando-guanarteme-con-un-capitulo-extraordinario-dedicado-a-la-figura-de-andamana\/","title":{"rendered":"G\u00e1ldar honra a Fernando Guanarteme con un Cap\u00edtulo Extraordinario dedicado a la figura de Andamana"},"content":{"rendered":"<p>El Teatro Consistorial de G\u00e1ldar acogi\u00f3 en la tarde de este mi\u00e9rcoles el tradicional Cap\u00edtulo Extraordinario del Instituto Canario de Estudios Hist\u00f3ricos \u201cRey Fernando Guanarteme\u201d, en el marco de las Fiestas Mayores de Santiago. Un acto solemne que rinde homenaje a la figura del \u00faltimo rey ind\u00edgena de Gran Canaria, Tenesor Semid\u00e1n.<\/p>\n<p>En esta edici\u00f3n, la lectura hist\u00f3rica llev\u00f3 por t\u00edtulo \u201cDe G\u00e1ldar a Par\u00eds, la discreta y afortunada Andamana\u201d y estuvo a cargo del doctor en Filolog\u00eda y profesor titular de Universidad Antonio Becerra Bola\u00f1os, quien ofreci\u00f3 una reflexi\u00f3n sobre las diferentes representaciones hist\u00f3ricas y literarias de Andamana, la reina que unific\u00f3 la isla de Gran Canaria y fund\u00f3 la principal familia de G\u00e1ldar y de la isla.<\/p>\n<p>A trav\u00e9s de la revisi\u00f3n de textos escritos entre los siglos XVI y XIX, el conferenciante analiz\u00f3 c\u00f3mo historiadores y escritores insulares y for\u00e1neos proyectaron sobre esta figura sus propios ideales pol\u00edticos y sociales, configurando una imagen que se mueve entre la historia y la leyenda. La conferencia permiti\u00f3 asimismo profundizar en el papel de Andamana como reina y madre, una doble dimensi\u00f3n que la convierte en uno de los personajes femeninos m\u00e1s relevantes del pasado prehisp\u00e1nico de Gran Canaria.<\/p>\n<p>El primer teniente de alcalde de la ciudad, Julio Mateo Castillo, agradeci\u00f3 la implicaci\u00f3n del Instituto, distinguido con la Medalla de Oro de la Real Ciudad de G\u00e1ldar, y destac\u00f3 que \u201ceste acto sigue siendo una de las grandes referencias culturales de nuestras Fiestas Mayores de Santiago, porque nos permite acercarnos a las ra\u00edces de nuestra historia y reflexionar sobre las personas que contribuyeron a forjar la identidad de nuestro pueblo\u201d. Asimismo, felicit\u00f3 a Antonio Becerra Bola\u00f1os por \u201cuna brillante intervenci\u00f3n que nos ha permitido descubrir nuevas perspectivas sobre una figura tan relevante como Andamana y comprender mejor c\u00f3mo ha sido interpretada a lo largo de los siglos\u201d.<\/p>\n<p>El conferenciante fue presentado por el cronista oficial de la ciudad, Juan Sebasti\u00e1n L\u00f3pez Garc\u00eda, y el acto cont\u00f3 con la presencia del presidente y del secretario del Instituto, as\u00ed como de autoridades, investigadores y numeroso p\u00fablico que volvi\u00f3 a respaldar esta tradicional convocatoria cultural. Durante la ceremonia, adem\u00e1s, se dio la bienvenida a los nuevos miembros del Instituto: Jos\u00e9-Vidal Bola\u00f1os Betancort, Pablo Esper-Chain Ojeda, Javier Gil P\u00e9rez, Magdala O\u2019Shanahan Socorro y Luz-Marina Medina Mej\u00edas.<\/p>\n<p>Finalizada la ponencia, tuvo lugar el tradicional recorrido hist\u00f3rico que parti\u00f3 desde las Casas Consistoriales hasta la Plaza de los Heredamientos, donde se realiz\u00f3 la ya emblem\u00e1tica ofrenda floral a Fernando Guanarteme.<\/p>\n","protected":false},"excerpt":{"rendered":"<p>El Teatro Consistorial de G\u00e1ldar acogi\u00f3 en la tarde de este mi\u00e9rcoles el tradicional Cap\u00edtulo Extraordinario del Instituto Canario de Estudios Hist\u00f3ricos \u201cRey Fernando Guanarteme\u201d, en el marco de las&hellip;<\/p>\n","protected":false},"author":2,"featured_media":139,"comment_status":"open","ping_status":"open","sticky":false,"template":"","format":"standard","meta":{"wpai_generated_summary":"","wpai_meta_description":"","footnotes":""},"categories":[129],"tags":[],"class_list":["post-138","post","type-post","status-publish","format-standard","has-post-thumbnail","hentry","category-ayuntamiento-de-galdar"],"_links":{"self":[{"href":"https:\/\/nublo.tv\/index.php\/wp-json\/wp\/v2\/posts\/138","targetHints":{"allow":["GET"]}}],"collection":[{"href":"https:\/\/nublo.tv\/index.php\/wp-json\/wp\/v2\/posts"}],"about":[{"href":"https:\/\/nublo.tv\/index.php\/wp-json\/wp\/v2\/types\/post"}],"author":[{"embeddable":true,"href":"https:\/\/nublo.tv\/index.php\/wp-json\/wp\/v2\/users\/2"}],"replies":[{"embeddable":true,"href":"https:\/\/nublo.tv\/index.php\/wp-json\/wp\/v2\/comments?post=138"}],"version-history":[{"count":1,"href":"https:\/\/nublo.tv\/index.php\/wp-json\/wp\/v2\/posts\/138\/revisions"}],"predecessor-version":[{"id":583,"href":"https:\/\/nublo.tv\/index.php\/wp-json\/wp\/v2\/posts\/138\/revisions\/583"}],"wp:featuredmedia":[{"embeddable":true,"href":"https:\/\/nublo.tv\/index.php\/wp-json\/wp\/v2\/media\/139"}],"wp:attachment":[{"href":"https:\/\/nublo.tv\/index.php\/wp-json\/wp\/v2\/media?parent=138"}],"wp:term":[{"taxonomy":"category","embeddable":true,"href":"https:\/\/nublo.tv\/index.php\/wp-json\/wp\/v2\/categories?post=138"},{"taxonomy":"post_tag","embeddable":true,"href":"https:\/\/nublo.tv\/index.php\/wp-json\/wp\/v2\/tags?post=138"}],"curies":[{"name":"wp","href":"https:\/\/api.w.org\/{rel}","templated":true}]}}