{"id":14,"date":"2026-08-04T17:35:23","date_gmt":"2026-08-04T16:35:23","guid":{"rendered":"https:\/\/nublo.tv\/?p=14"},"modified":"2026-08-04T17:35:23","modified_gmt":"2026-08-04T16:35:23","slug":"el-consejero-de-turismo-visita-la-renovacion-de-la-avenida-alcalde-antonio-rosas-y-se-compromete-a-cofinanciar-el-alumbrado","status":"publish","type":"post","link":"https:\/\/nublo.tv\/index.php\/2026\/08\/04\/el-consejero-de-turismo-visita-la-renovacion-de-la-avenida-alcalde-antonio-rosas-y-se-compromete-a-cofinanciar-el-alumbrado\/","title":{"rendered":"El consejero de Turismo visita la renovaci\u00f3n de la Avenida Alcalde Antonio Rosas y se compromete a cofinanciar el alumbrado"},"content":{"rendered":"<p>El consejero de Turismo del Cabildo de Gran Canaria, Carlos \u00c1lamo, realiz\u00f3 este jueves, 30 de julio, una visita a la obra de remodelaci\u00f3n integral ejecutada en la avenida Alcalde Antonio Rosas, en el barrio de Sardina. Esta actuaci\u00f3n, con un coste total de 1,3 millones de euros y lleva un mes a disposici\u00f3n de residentes y visitantes, fue cofinanciada por la Consejer\u00eda de Turismo con una aportaci\u00f3n de 527.376 euros.<\/p>\n<p>El consejero fue recibido por el alcalde de G\u00e1ldar, Teodoro Sosa, y el concejal de Turismo, Ulises Miranda, adem\u00e1s de parte del grupo de gobierno municipal. Tras la visita, Carlos \u00c1lamo se comprometi\u00f3 a destinar 20.000 euros del remanente de la obra para financiar el 50% del proyecto de alumbrado de esta zona.<\/p>\n<p>\u201cLa intervenci\u00f3n realizada en Sardina marca un nuevo paso en la transformaci\u00f3n urbana del barrio y consolida esta zona como uno de los referentes tur\u00edsticos del norte de Gran Canaria\u201d. As\u00ed lo expres\u00f3 el alcalde de G\u00e1ldar, Teodoro Sosa, al valorar la actuaci\u00f3n. Esta remodelaci\u00f3n urban\u00edstica ha convertido uno de los principales accesos a la playa en un espacio m\u00e1s moderno, accesible y preparado para responder tanto a las necesidades de los vecinos como al creciente atractivo tur\u00edstico de esta zona costera.<\/p>\n<p>Por su parte, el consejero de Turismo del Cabildo se\u00f1al\u00f3 estar satisfecho con la actuaci\u00f3n realizada, \u201cque ha supuesto mucho m\u00e1s que una renovaci\u00f3n est\u00e9tica y se ajusta perfectamente a la estrategia de Turismo de Gran Canaria de poner en valor las potencialidades de los 21 municipios de la isla. Con ello estamos consiguiendo que cada vez m\u00e1s turistas salgan de los municipios tradicionalmente tur\u00edsticos, situados principalmente en el sur de la isla, y descubran el resto del territorio. De esta manera, los municipios de interior tambi\u00e9n contribuyen a repartir la riqueza que genera esta industria. Adem\u00e1s, nos encontramos en cifras r\u00e9cord, tanto en llegada de turistas como en facturaci\u00f3n. Hay un dato que siempre me gusta poner sobre la mesa: el incremento de la facturaci\u00f3n en municipios no tur\u00edsticos ha alcanzado el 60% en los \u00faltimos a\u00f1os. Esto demuestra que municipios como G\u00e1ldar tambi\u00e9n se est\u00e1n beneficiando del crecimiento del sector tur\u00edstico y del impacto positivo de esta estrategia\u201d.<\/p>\n<p>\u201cCada vez son m\u00e1s las personas que buscan algo m\u00e1s que sol y playa. En ese sentido, Sardina, con su Bandera Azul y sus excelentes condiciones meteorol\u00f3gicas y geogr\u00e1ficas, se ha consolidado como un enclave de referencia\u201d, expuso el alcalde, antes de a\u00f1adir: \u201cEstos atractivos hacen que cada vez recibamos m\u00e1s visitantes, tanto turistas que llegan del exterior como turismo nacional, procedente de la Pen\u00ednsula y del resto de las islas, adem\u00e1s del propio turismo interior de Gran Canaria. Desde G\u00e1ldar queremos que quienes nos visitan descubran que en el norte de Gran Canaria tambi\u00e9n hay playas de gran calidad, una excelente oferta gastron\u00f3mica y de restauraci\u00f3n, un importante patrimonio hist\u00f3rico y cultural y cascos hist\u00f3ricos de enorme valor. Todo este conjunto de recursos contribuye a que el turismo se acerque cada vez m\u00e1s al norte de la isla\u201d.<\/p>\n<p>El proyecto, seg\u00fan explic\u00f3 el alcalde, ha transformado completamente la avenida mediante la construcci\u00f3n de un amplio bulevar peatonal central, rodeado de nuevas zonas verdes, espacios de descanso y mobiliario urbano, adem\u00e1s de la rehabilitaci\u00f3n de las aceras y la incorporaci\u00f3n de medidas que mejoran la accesibilidad universal. Paralelamente, se han renovado infraestructuras esenciales como las redes de abastecimiento de agua, saneamiento, pluviales, telecomunicaciones, alumbrado, riego y protecci\u00f3n contra incendios, garantizando que este espacio pueda responder a las necesidades del municipio durante las pr\u00f3ximas d\u00e9cadas.<\/p>\n<p>Uno de los aspectos m\u00e1s destacados del proyecto ha sido la colaboraci\u00f3n entre distintas administraciones para hacer posible la inversi\u00f3n. La actuaci\u00f3n ha sido financiada principalmente mediante fondos europeos Next Generation, dentro del Plan de Recuperaci\u00f3n, Transformaci\u00f3n y Resiliencia, y con una importante aportaci\u00f3n de la Consejer\u00eda de Turismo del Cabildo de Gran Canaria. A estas ayudas se suma la financiaci\u00f3n municipal, destinada a completar diferentes actuaciones necesarias para culminar la obra.<\/p>\n<p>El consejero y el alcalde coincidieron en se\u00f1alar que esta actuaci\u00f3n constituye un ejemplo de cooperaci\u00f3n institucional y de apoyo a los municipios para mejorar tanto la calidad de vida de sus residentes como la experiencia de quienes visitan la isla.<\/p>\n<p>\u201cQuiero se\u00f1alar tambi\u00e9n que, dentro de esta financiaci\u00f3n, ha quedado un remanente sin ejecutar. Me consta que el Ayuntamiento de G\u00e1ldar ya ha solicitado oficialmente la posibilidad de reutilizar esos fondos para el alumbrado. Desde Turismo de Gran Canaria estaremos encantados de contribuir para que pueda ejecutarse el 100% de esa partida. Adem\u00e1s, ponemos a disposici\u00f3n del Ayuntamiento nuestra colaboraci\u00f3n para estudiar cualquier nuevo proyecto que pueda surgir y, si la disponibilidad presupuestaria lo permite, seguir apostando por la mejora de las infraestructuras del municipio. Se trata de actuaciones que no solo benefician a quienes nos visitan, sino tambi\u00e9n a los residentes de Gran Canaria, que pueden disfrutar de estos espacios y servicios\u201d, expuso Carlos \u00c1lamo.<\/p>\n<p>El nuevo bulevar central alcanza una anchura aproximada de 4,15 metros e incorpora jardines, bancos distribuidos a lo largo del recorrido y aparatos para la pr\u00e1ctica de ejercicio al aire libre. Todo ello se ha dise\u00f1ado manteniendo las aproximadamente 110 plazas de aparcamiento existentes, evitando reducir la capacidad de estacionamiento de la zona. Adem\u00e1s, la renovaci\u00f3n de las aceras ha permitido mejorar considerablemente la accesibilidad para los peatones, respetando al mismo tiempo las zonas verdes ya existentes y preparando las infraestructuras para futuras actuaciones relacionadas con la red de riego y otros servicios urbanos.<\/p>\n","protected":false},"excerpt":{"rendered":"<p>El consejero de Turismo del Cabildo de Gran Canaria, Carlos \u00c1lamo, realiz\u00f3 este jueves, 30 de julio, una visita a la obra de remodelaci\u00f3n integral ejecutada en la avenida Alcalde&hellip;<\/p>\n","protected":false},"author":2,"featured_media":15,"comment_status":"open","ping_status":"open","sticky":false,"template":"","format":"standard","meta":{"wpai_generated_summary":"","wpai_meta_description":"","footnotes":""},"categories":[129],"tags":[],"class_list":["post-14","post","type-post","status-publish","format-standard","has-post-thumbnail","hentry","category-ayuntamiento-de-galdar"],"_links":{"self":[{"href":"https:\/\/nublo.tv\/index.php\/wp-json\/wp\/v2\/posts\/14","targetHints":{"allow":["GET"]}}],"collection":[{"href":"https:\/\/nublo.tv\/index.php\/wp-json\/wp\/v2\/posts"}],"about":[{"href":"https:\/\/nublo.tv\/index.php\/wp-json\/wp\/v2\/types\/post"}],"author":[{"embeddable":true,"href":"https:\/\/nublo.tv\/index.php\/wp-json\/wp\/v2\/users\/2"}],"replies":[{"embeddable":true,"href":"https:\/\/nublo.tv\/index.php\/wp-json\/wp\/v2\/comments?post=14"}],"version-history":[{"count":1,"href":"https:\/\/nublo.tv\/index.php\/wp-json\/wp\/v2\/posts\/14\/revisions"}],"predecessor-version":[{"id":498,"href":"https:\/\/nublo.tv\/index.php\/wp-json\/wp\/v2\/posts\/14\/revisions\/498"}],"wp:featuredmedia":[{"embeddable":true,"href":"https:\/\/nublo.tv\/index.php\/wp-json\/wp\/v2\/media\/15"}],"wp:attachment":[{"href":"https:\/\/nublo.tv\/index.php\/wp-json\/wp\/v2\/media?parent=14"}],"wp:term":[{"taxonomy":"category","embeddable":true,"href":"https:\/\/nublo.tv\/index.php\/wp-json\/wp\/v2\/categories?post=14"},{"taxonomy":"post_tag","embeddable":true,"href":"https:\/\/nublo.tv\/index.php\/wp-json\/wp\/v2\/tags?post=14"}],"curies":[{"name":"wp","href":"https:\/\/api.w.org\/{rel}","templated":true}]}}