{"id":140,"date":"2026-08-04T17:37:06","date_gmt":"2026-08-04T16:37:06","guid":{"rendered":"https:\/\/nublo.tv\/?p=140"},"modified":"2026-08-04T17:37:06","modified_gmt":"2026-08-04T16:37:06","slug":"galdar-recomienda-seguridad-al-volante-durante-las-fiestas-mayores-de-santiago-y-el-verano","status":"publish","type":"post","link":"https:\/\/nublo.tv\/index.php\/2026\/08\/04\/galdar-recomienda-seguridad-al-volante-durante-las-fiestas-mayores-de-santiago-y-el-verano\/","title":{"rendered":"G\u00e1ldar recomienda seguridad al volante durante las Fiestas Mayores de Santiago y el verano"},"content":{"rendered":"<p>El Ayuntamiento de G\u00e1ldar, a trav\u00e9s de la Polic\u00eda Local, la Concejal\u00eda de Comunicaci\u00f3n, que dirige Ulises Miranda, y Radio G\u00e1ldar, ha puesto en marcha una campa\u00f1a informativa dirigida a reforzar la seguridad vial y la prevenci\u00f3n durante las Fiestas Mayores de Santiago y los desplazamientos propios del verano. La iniciativa cuenta con el asesoramiento del experto en seguridad vial Bernardo Hern\u00e1ndez.<\/p>\n<p>La campa\u00f1a incluye, por un lado, una serie de mensajes espec\u00edficos vinculados a las Fiestas Mayores de Santiago, en los que se hace especial hincapi\u00e9 en los cambios circulatorios previstos con motivo de los actos programados. En este sentido, se recuerda la importancia de respetar en todo momento la se\u00f1alizaci\u00f3n provisional y seguir las indicaciones de la Polic\u00eda Local para garantizar la fluidez del tr\u00e1fico y la seguridad de vecinos y visitantes.<\/p>\n<p>Por otro lado, tambi\u00e9n se han elaborado varias cu\u00f1as radiof\u00f3nicas con recomendaciones dirigidas a los desplazamientos estivales. Estas inciden en pautas b\u00e1sicas de seguridad ante las altas temperaturas, especialmente cuando se viaja en coche con menores, personas mayores o mascotas, haciendo un llamamiento a la responsabilidad al volante durante estos meses de mayor movilidad.<\/p>\n<p>Con esta acci\u00f3n, el Ayuntamiento de G\u00e1ldar pretende concienciar en materia de tr\u00e1fico, promoviendo conductas responsables que contribuyan a reducir riesgos y garantizar unas fiestas y un verano seguros para todos.<\/p>\n","protected":false},"excerpt":{"rendered":"<p>El Ayuntamiento de G\u00e1ldar, a trav\u00e9s de la Polic\u00eda Local, la Concejal\u00eda de Comunicaci\u00f3n, que dirige Ulises Miranda, y Radio G\u00e1ldar, ha puesto en marcha una campa\u00f1a informativa dirigida a&hellip;<\/p>\n","protected":false},"author":2,"featured_media":141,"comment_status":"open","ping_status":"open","sticky":false,"template":"","format":"standard","meta":{"wpai_generated_summary":"","wpai_meta_description":"","footnotes":""},"categories":[129],"tags":[],"class_list":["post-140","post","type-post","status-publish","format-standard","has-post-thumbnail","hentry","category-ayuntamiento-de-galdar"],"_links":{"self":[{"href":"https:\/\/nublo.tv\/index.php\/wp-json\/wp\/v2\/posts\/140","targetHints":{"allow":["GET"]}}],"collection":[{"href":"https:\/\/nublo.tv\/index.php\/wp-json\/wp\/v2\/posts"}],"about":[{"href":"https:\/\/nublo.tv\/index.php\/wp-json\/wp\/v2\/types\/post"}],"author":[{"embeddable":true,"href":"https:\/\/nublo.tv\/index.php\/wp-json\/wp\/v2\/users\/2"}],"replies":[{"embeddable":true,"href":"https:\/\/nublo.tv\/index.php\/wp-json\/wp\/v2\/comments?post=140"}],"version-history":[{"count":1,"href":"https:\/\/nublo.tv\/index.php\/wp-json\/wp\/v2\/posts\/140\/revisions"}],"predecessor-version":[{"id":584,"href":"https:\/\/nublo.tv\/index.php\/wp-json\/wp\/v2\/posts\/140\/revisions\/584"}],"wp:featuredmedia":[{"embeddable":true,"href":"https:\/\/nublo.tv\/index.php\/wp-json\/wp\/v2\/media\/141"}],"wp:attachment":[{"href":"https:\/\/nublo.tv\/index.php\/wp-json\/wp\/v2\/media?parent=140"}],"wp:term":[{"taxonomy":"category","embeddable":true,"href":"https:\/\/nublo.tv\/index.php\/wp-json\/wp\/v2\/categories?post=140"},{"taxonomy":"post_tag","embeddable":true,"href":"https:\/\/nublo.tv\/index.php\/wp-json\/wp\/v2\/tags?post=140"}],"curies":[{"name":"wp","href":"https:\/\/api.w.org\/{rel}","templated":true}]}}