{"id":142,"date":"2026-08-04T17:37:06","date_gmt":"2026-08-04T16:37:06","guid":{"rendered":"https:\/\/nublo.tv\/?p=142"},"modified":"2026-08-04T17:37:06","modified_gmt":"2026-08-04T16:37:06","slug":"galobra-estrena-su-nueva-sede-en-el-edificio-del-aparcamiento-las-guayarminas","status":"publish","type":"post","link":"https:\/\/nublo.tv\/index.php\/2026\/08\/04\/galobra-estrena-su-nueva-sede-en-el-edificio-del-aparcamiento-las-guayarminas\/","title":{"rendered":"Galobra estrena su nueva sede en el edificio del Aparcamiento Las Guayarminas"},"content":{"rendered":"<p>El Ayuntamiento de G\u00e1ldar ha inaugurado en la ma\u00f1ana de este jueves la nueva sede de la empresa municipal Galobra, que est\u00e1 situada en el local 2 del edificio del Aparcamiento Las Guayarminas, en la Bajada de Las Guayarminas. Se trata de un espacio de 129 metros cuadrados \u00fatiles destinado a la atenci\u00f3n a la ciudadan\u00eda en los servicios relacionados con el cementerio, el tanatorio, la zona azul y los aparcamientos p\u00fablicos.<\/p>\n<p>La sede se desplaza desde la Ciudad Deportiva Venancio Monz\u00f3n de San Isidro, un espacio que adem\u00e1s ser\u00e1 destinado pr\u00f3ximamente a la ampliaci\u00f3n del gimnasio. El nuevo local fue construido como parte del edificio del Aparcamiento Las Guayarminas y acondicionado posteriormente por el Ayuntamiento con una inversi\u00f3n superior a los 80.000 euros de fondos propios.<\/p>\n<p>Teodoro Sosa Monz\u00f3n, alcalde de G\u00e1ldar; Julio Mateo Castillo, primer teniente de alcalde; Idaira Mateos Moreno, concejala del \u00e1rea y presidenta del Consejo de Administraci\u00f3n; Mar\u00eda Mendoza Ramos, Gerente; y V\u00edctor Montero, dise\u00f1ador del proyecto, inauguraron la nueva ubicaci\u00f3n. <\/p>\n<p>El alcalde de la ciudad, Teodoro Sosa, explic\u00f3 que \u00abesta reubicaci\u00f3n es fruto del empe\u00f1o de este grupo de gobierno por acercar los servicios municipales al centro de la ciudad, facilitando el acceso a los vecinos. Es un resultado elegante que realza la historia del municipio y moderniza las instalaciones\u00bb.<\/p>\n<p>\u00abLa planificaci\u00f3n desde hace muchos a\u00f1os de este grupo de gobierno permite resultados como este. Y da credibilidad a una empresa municipal en la que siempre cre\u00edmos, incluso en sus peores momentos. Y esto provoca otro efecto cascada con la futura ampliaci\u00f3n del gimnasio en la Ciudad Deportiva en la anterior sede de Galobra\u00bb, a\u00f1adi\u00f3.<\/p>\n<p>Julio Mateo Castillo, primer teniente de alcalde, indic\u00f3 que \u00abesta es la imagen del proceso de saneamiento que ha vivido Galobra en las \u00faltimas d\u00e9cadas, adem\u00e1s situado en un espacio c\u00e9ntrico y en un aparcamiento que gestiona la empresa municipal y permitiendo que la Ciudad Deportiva sea deportiva al 100%\u00bb. <\/p>\n<p>Idaira Mateos, concejala del \u00e1rea y presidenta del Consejo de Administraci\u00f3n, asever\u00f3 que \u00abcomenzamos una nueva etapa, en una nueva sede, pero mantenemos la esencia, que en nuestro caso es el buen hacer de nuestros trabajadores y trabajadoras, lo que continuaremos haciendo para seguir ofreciendo la m\u00e1xima calidad en nuestro servicio\u00bb.<\/p>\n<p>Mar\u00eda Mendoza Ramos, Gerente de Galobra, agradeci\u00f3 que se trata de \u00abun proyecto que marca un nuevo paso en la evoluci\u00f3n de la empresa municipal, que cuenta en la actualidad con 15 trabajadores, y que refleja el compromiso permanente con la mejora y la modernizaci\u00f3n de sus instalaciones\u00bb.<\/p>\n<p>V\u00edctor Montero, dise\u00f1ador del proyecto, explic\u00f3 que apost\u00f3 \u00abpor una renovaci\u00f3n est\u00e9tica, una transformaci\u00f3n conceptual del espacio administrativo, donde la historia y la identidad del municipio se encuentran con la calidez y la eficiencia del servicio p\u00fablico. Construye un entorno que respeta la memoria del pasado, facilita el presente y proyecta la cercan\u00eda hacia el futuro, convirtiendo las oficinas municipales en un lugar de armon\u00eda y bienestar\u00bb.<\/p>\n<p>La actuaci\u00f3n ha sido ejecutada por la empresa Desarrolla Obras y Servicios y la obra ha sido dirigida por Lar Arquitectos. La sede cuenta con sala de reuniones, espacios de trabajo, despachos y almacenaje.<\/p>\n","protected":false},"excerpt":{"rendered":"<p>El Ayuntamiento de G\u00e1ldar ha inaugurado en la ma\u00f1ana de este jueves la nueva sede de la empresa municipal Galobra, que est\u00e1 situada en el local 2 del edificio del&hellip;<\/p>\n","protected":false},"author":2,"featured_media":143,"comment_status":"open","ping_status":"open","sticky":false,"template":"","format":"standard","meta":{"wpai_generated_summary":"","wpai_meta_description":"","footnotes":""},"categories":[129],"tags":[],"class_list":["post-142","post","type-post","status-publish","format-standard","has-post-thumbnail","hentry","category-ayuntamiento-de-galdar"],"_links":{"self":[{"href":"https:\/\/nublo.tv\/index.php\/wp-json\/wp\/v2\/posts\/142","targetHints":{"allow":["GET"]}}],"collection":[{"href":"https:\/\/nublo.tv\/index.php\/wp-json\/wp\/v2\/posts"}],"about":[{"href":"https:\/\/nublo.tv\/index.php\/wp-json\/wp\/v2\/types\/post"}],"author":[{"embeddable":true,"href":"https:\/\/nublo.tv\/index.php\/wp-json\/wp\/v2\/users\/2"}],"replies":[{"embeddable":true,"href":"https:\/\/nublo.tv\/index.php\/wp-json\/wp\/v2\/comments?post=142"}],"version-history":[{"count":1,"href":"https:\/\/nublo.tv\/index.php\/wp-json\/wp\/v2\/posts\/142\/revisions"}],"predecessor-version":[{"id":589,"href":"https:\/\/nublo.tv\/index.php\/wp-json\/wp\/v2\/posts\/142\/revisions\/589"}],"wp:featuredmedia":[{"embeddable":true,"href":"https:\/\/nublo.tv\/index.php\/wp-json\/wp\/v2\/media\/143"}],"wp:attachment":[{"href":"https:\/\/nublo.tv\/index.php\/wp-json\/wp\/v2\/media?parent=142"}],"wp:term":[{"taxonomy":"category","embeddable":true,"href":"https:\/\/nublo.tv\/index.php\/wp-json\/wp\/v2\/categories?post=142"},{"taxonomy":"post_tag","embeddable":true,"href":"https:\/\/nublo.tv\/index.php\/wp-json\/wp\/v2\/tags?post=142"}],"curies":[{"name":"wp","href":"https:\/\/api.w.org\/{rel}","templated":true}]}}