{"id":1449,"date":"2026-08-05T23:54:38","date_gmt":"2026-08-05T22:54:38","guid":{"rendered":"https:\/\/nublo.tv\/?p=1449"},"modified":"2026-08-05T23:54:38","modified_gmt":"2026-08-05T22:54:38","slug":"valleseco-inicia-las-obras-de-ampliacion-y-mejora-de-su-cementerio-municipal","status":"publish","type":"post","link":"https:\/\/nublo.tv\/index.php\/2026\/08\/05\/valleseco-inicia-las-obras-de-ampliacion-y-mejora-de-su-cementerio-municipal\/","title":{"rendered":"Valleseco inicia las obras de ampliaci\u00f3n y mejora de su cementerio municipal"},"content":{"rendered":"<p class=\"western\" lang=\"es-ES-u-co-trad\" align=\"justify\"><strong>La actuaci\u00f3n, financiada a trav\u00e9s del Plan de Cooperaci\u00f3n con los Ayuntamientos del Cabildo de Gran Canaria, permitir\u00e1 incorporar 45 nuevos nichos y 17 columbarios, adem\u00e1s de mejorar la accesibilidad y la funcionalidad del recinto.<\/strong><\/p>\n<p class=\"western\" lang=\"es-ES-u-co-trad\" align=\"justify\"><span lang=\"es-ES\">El Ayuntamiento de Valleseco ha iniciado las obras de ampliaci\u00f3n y mejora del cementerio municipal, una actuaci\u00f3n que cuenta con una inversi\u00f3n de\u00a0<\/span><span lang=\"es-ES\">97.266,81 euros<\/span><span lang=\"es-ES\">, financiada con cargo al\u00a0<\/span><span lang=\"es-ES\">Plan de Cooperaci\u00f3n con los Ayuntamientos, anualidad 2025, del Cabildo de Gran Canaria<\/span><span lang=\"es-ES\">, y que permitir\u00e1 incrementar la capacidad del camposanto, adem\u00e1s de modernizar sus instalaciones y mejorar la accesibilidad para los usuarios.<\/span><\/p>\n<p class=\"western\" lang=\"es-ES-u-co-trad\" align=\"justify\"><span lang=\"es-ES\">Los trabajos, ejecutados por la empresa\u00a0<\/span><span lang=\"es-ES\">Hormigones Ornamentales Canarios<\/span><span lang=\"es-ES\">, supondr\u00e1n un importante avance para garantizar la prestaci\u00f3n de este servicio p\u00fablico esencial, dando respuesta a las necesidades presentes y futuras del municipio en materia de enterramientos, dentro del actual per\u00edmetro del cementerio.<\/span><\/p>\n<p class=\"western\" lang=\"es-ES-u-co-trad\" align=\"justify\"><span lang=\"es-ES\">El proyecto contempla la construcci\u00f3n de\u00a0<\/span><span lang=\"es-ES\">45 nuevos nichos y 17 columbarios<\/span><span lang=\"es-ES\">, dise\u00f1ados conforme a la normativa vigente de Sanidad Mortuoria, incorporando modernos sistemas de ventilaci\u00f3n y control de lixiviados que <\/span>reforzar\u00e1n las condiciones de seguridad, salubridad y conservaci\u00f3n de las instalaciones. El plazo de ejecuci\u00f3n previsto es de cinco meses.<\/p>\n<p class=\"western\" lang=\"es-ES-u-co-trad\" align=\"justify\"><span lang=\"es-ES\">Como actuaci\u00f3n previa, se proceder\u00e1 a la demolici\u00f3n de los nichos extragrandes existentes y a la remodelaci\u00f3n del aljibe, lo que permitir\u00e1 habilitar el espacio necesario para la construcci\u00f3n del nuevo m\u00f3dulo funerario. Los nuevos elementos se ejecutar\u00e1n\u00a0<\/span><span lang=\"es-ES\">in situ<\/span><span lang=\"es-ES\">\u00a0mediante estructuras de hormig\u00f3n armado y bloques reforzados, garantizando su durabilidad y adaptaci\u00f3n a la normativa vigente.<\/span><\/p>\n<p class=\"western\" lang=\"es-ES-u-co-trad\" align=\"justify\">Adem\u00e1s de la ampliaci\u00f3n del n\u00famero de unidades de enterramiento, el proyecto incorpora una mejora integral del recinto. Entre las actuaciones previstas destacan la renovaci\u00f3n de los recorridos peatonales mediante nuevo pavimento, la mejora de la accesibilidad para personas con movilidad reducida, la adecuaci\u00f3n de espacios auxiliares, la ampliaci\u00f3n de las zonas de paso para facilitar el acceso de veh\u00edculos funerarios, la instalaci\u00f3n de elementos decorativos en piedra natural y la sustituci\u00f3n de la fuente existente por una nueva fuente vertical ornamental, contribuyendo a dignificar la imagen del cementerio municipal.<\/p>\n<p class=\"western\" lang=\"es-ES-u-co-trad\" align=\"justify\"><span lang=\"es-ES\">El alcalde de Valleseco,\u00a0<\/span><span lang=\"es-ES\">Jos\u00e9 Luis Rodr\u00edguez Quintana<\/span><span lang=\"es-ES\">, ha destacado que el inicio de estas obras supone \u00abcumplir con un compromiso adquirido con nuestros vecinos y vecinas, dotando al municipio de unas instalaciones modernas, accesibles y preparadas para responder a las necesidades de las pr\u00f3ximas d\u00e9cadas\u00bb.<\/span><\/p>\n<p class=\"western\" lang=\"es-ES-u-co-trad\" align=\"justify\">Rodr\u00edguez Quintana ha subrayado que \u00abel cementerio municipal es un servicio esencial que merece una planificaci\u00f3n responsable. Con esta actuaci\u00f3n no solo ampliamos su capacidad, sino que mejoramos la calidad del espacio, facilitando el acceso a todas las personas y ofreciendo un entorno m\u00e1s digno, funcional y respetuoso para las familias que acuden a recordar a sus seres queridos\u00bb.<\/p>\n<p class=\"western\" lang=\"es-ES-u-co-trad\" align=\"justify\">El primer edil tambi\u00e9n ha querido agradecer la colaboraci\u00f3n institucional del Cabildo de Gran Canaria, se\u00f1alando que \u00abla cooperaci\u00f3n entre administraciones resulta fundamental para que municipios como Valleseco puedan ejecutar inversiones estrat\u00e9gicas que, con recursos propios, ser\u00edan mucho m\u00e1s dif\u00edciles de afrontar. Seguimos trabajando para mejorar las infraestructuras municipales y ofrecer servicios p\u00fablicos de mayor calidad a toda la ciudadan\u00eda\u00bb.<\/p>\n<p class=\"western\" lang=\"es-ES-u-co-trad\" align=\"justify\">La actuaci\u00f3n ha sido redactada por la Oficina T\u00e9cnica Municipal y se desarrolla dentro del actual recinto del cementerio, sin modificar su superficie, optimizando los espacios disponibles y mejorando tanto su funcionalidad como su integraci\u00f3n est\u00e9tica. El proyecto responde a la necesidad de ampliar la capacidad alojativa del camposanto, que se encontraba pr\u00f3ximo a su l\u00edmite, al tiempo que adapta las instalaciones a los est\u00e1ndares actuales de accesibilidad y calidad del servicio.<\/p>\n","protected":false},"excerpt":{"rendered":"<p>La actuaci\u00f3n, financiada a trav\u00e9s del Plan de Cooperaci\u00f3n con los Ayuntamientos del Cabildo de Gran Canaria, permitir\u00e1 incorporar 45 nuevos nichos y 17 columbarios, adem\u00e1s de mejorar la accesibilidad&hellip;<\/p>\n","protected":false},"author":1,"featured_media":1450,"comment_status":"open","ping_status":"open","sticky":false,"template":"","format":"standard","meta":{"wpai_generated_summary":"","wpai_meta_description":"","footnotes":""},"categories":[143],"tags":[],"class_list":["post-1449","post","type-post","status-publish","format-standard","has-post-thumbnail","hentry","category-ayuntamiento-de-valleseco"],"_links":{"self":[{"href":"https:\/\/nublo.tv\/index.php\/wp-json\/wp\/v2\/posts\/1449","targetHints":{"allow":["GET"]}}],"collection":[{"href":"https:\/\/nublo.tv\/index.php\/wp-json\/wp\/v2\/posts"}],"about":[{"href":"https:\/\/nublo.tv\/index.php\/wp-json\/wp\/v2\/types\/post"}],"author":[{"embeddable":true,"href":"https:\/\/nublo.tv\/index.php\/wp-json\/wp\/v2\/users\/1"}],"replies":[{"embeddable":true,"href":"https:\/\/nublo.tv\/index.php\/wp-json\/wp\/v2\/comments?post=1449"}],"version-history":[{"count":1,"href":"https:\/\/nublo.tv\/index.php\/wp-json\/wp\/v2\/posts\/1449\/revisions"}],"predecessor-version":[{"id":1646,"href":"https:\/\/nublo.tv\/index.php\/wp-json\/wp\/v2\/posts\/1449\/revisions\/1646"}],"wp:featuredmedia":[{"embeddable":true,"href":"https:\/\/nublo.tv\/index.php\/wp-json\/wp\/v2\/media\/1450"}],"wp:attachment":[{"href":"https:\/\/nublo.tv\/index.php\/wp-json\/wp\/v2\/media?parent=1449"}],"wp:term":[{"taxonomy":"category","embeddable":true,"href":"https:\/\/nublo.tv\/index.php\/wp-json\/wp\/v2\/categories?post=1449"},{"taxonomy":"post_tag","embeddable":true,"href":"https:\/\/nublo.tv\/index.php\/wp-json\/wp\/v2\/tags?post=1449"}],"curies":[{"name":"wp","href":"https:\/\/api.w.org\/{rel}","templated":true}]}}